
{"id":99624,"date":"2017-11-22T13:37:41","date_gmt":"2017-11-22T16:37:41","guid":{"rendered":"http:\/\/www.politicosdosuldabahia.com.br\/v1\/?p=99624"},"modified":"2017-11-22T13:38:16","modified_gmt":"2017-11-22T16:38:16","slug":"bahia-candidatura-de-paulo-camera-perde-forca-com-queda-de-imbassahy","status":"publish","type":"post","link":"https:\/\/www.politicosdosuldabahia.com.br\/v1\/2017\/11\/22\/bahia-candidatura-de-paulo-camera-perde-forca-com-queda-de-imbassahy\/","title":{"rendered":"BAHIA: CANDIDATURA DE PAULO C\u00c2MERA PERDE FOR\u00c7A COM QUEDA DE IMBASSAHY"},"content":{"rendered":"<p><img loading=\"lazy\" decoding=\"async\" class=\"aligncenter wp-image-99625\" src=\"http:\/\/www.politicosdosuldabahia.com.br\/v1\/wp-content\/uploads\/2017\/11\/cpc.jpg\" alt=\"cpc\" width=\"450\" height=\"305\" srcset=\"https:\/\/www.politicosdosuldabahia.com.br\/v1\/wp-content\/uploads\/2017\/11\/cpc.jpg 640w, https:\/\/www.politicosdosuldabahia.com.br\/v1\/wp-content\/uploads\/2017\/11\/cpc-300x203.jpg 300w\" sizes=\"(max-width: 450px) 100vw, 450px\" \/><\/p>\n<h4 style=\"text-align: justify;\">Nesta quarta-feira o presidente Michel Temer (PMDB) decidiu que o deputado Carlos Marun (PMDB-MS) vai assumir o comando da Secretaria de Governo em substitui\u00e7\u00e3o ao tucano Antonio Imbassahy.<\/h4>\n<h4 style=\"text-align: justify;\">Com a sa\u00edda de Antonio Imbassahy de um dos cargos mais importantes do governo pode atrapalhar a pretens\u00e3o pol\u00edtica do seu sobrinho Paulo C\u00e2mera(PSDB). Que se licenciou do cargo de vereador de Salvador para ocupar o cargo de secret\u00e1rio Nacional de Assuntos Federativos, que \u00e9 vinculado \u00e0 Secretaria de Governo.<\/h4>\n<h4 style=\"text-align: justify;\">Paulo C\u00e2mera estava se movimentando para ser candidato a deputado estadual, como dever\u00e1 deixar o cargo no governo federal, resta saber como ele vai viabilizar a sua candidatura em 2018.<br \/>\nVale lembrar que Antonio Imbassahy tinha sido nomeado para o cargo pelo senador A\u00e9cio Neves (PSDB).<\/h4>\n","protected":false},"excerpt":{"rendered":"<p>Nesta quarta-feira o presidente Michel Temer (PMDB) decidiu que o deputado Carlos Marun (PMDB-MS) vai assumir o comando da Secretaria de Governo em substitui\u00e7\u00e3o ao tucano Antonio Imbassahy. Com a sa\u00edda de Antonio Imbassahy de um dos cargos mais importantes do governo pode atrapalhar a pretens\u00e3o pol\u00edtica do seu sobrinho Paulo C\u00e2mera(PSDB). Que se licenciou [&hellip;]<\/p>\n","protected":false},"author":2,"featured_media":99625,"comment_status":"open","ping_status":"open","sticky":false,"template":"","format":"standard","meta":{"footnotes":"","_links_to":"","_links_to_target":""},"categories":[25,1],"tags":[],"class_list":["post-99624","post","type-post","status-publish","format-standard","has-post-thumbnail","hentry","category-destaque3","category-geral"],"views":2574,"_links":{"self":[{"href":"https:\/\/www.politicosdosuldabahia.com.br\/v1\/wp-json\/wp\/v2\/posts\/99624"}],"collection":[{"href":"https:\/\/www.politicosdosuldabahia.com.br\/v1\/wp-json\/wp\/v2\/posts"}],"about":[{"href":"https:\/\/www.politicosdosuldabahia.com.br\/v1\/wp-json\/wp\/v2\/types\/post"}],"author":[{"embeddable":true,"href":"https:\/\/www.politicosdosuldabahia.com.br\/v1\/wp-json\/wp\/v2\/users\/2"}],"replies":[{"embeddable":true,"href":"https:\/\/www.politicosdosuldabahia.com.br\/v1\/wp-json\/wp\/v2\/comments?post=99624"}],"version-history":[{"count":2,"href":"https:\/\/www.politicosdosuldabahia.com.br\/v1\/wp-json\/wp\/v2\/posts\/99624\/revisions"}],"predecessor-version":[{"id":99627,"href":"https:\/\/www.politicosdosuldabahia.com.br\/v1\/wp-json\/wp\/v2\/posts\/99624\/revisions\/99627"}],"wp:featuredmedia":[{"embeddable":true,"href":"https:\/\/www.politicosdosuldabahia.com.br\/v1\/wp-json\/wp\/v2\/media\/99625"}],"wp:attachment":[{"href":"https:\/\/www.politicosdosuldabahia.com.br\/v1\/wp-json\/wp\/v2\/media?parent=99624"}],"wp:term":[{"taxonomy":"category","embeddable":true,"href":"https:\/\/www.politicosdosuldabahia.com.br\/v1\/wp-json\/wp\/v2\/categories?post=99624"},{"taxonomy":"post_tag","embeddable":true,"href":"https:\/\/www.politicosdosuldabahia.com.br\/v1\/wp-json\/wp\/v2\/tags?post=99624"}],"curies":[{"name":"wp","href":"https:\/\/api.w.org\/{rel}","templated":true}]}}