
{"id":99504,"date":"2017-11-19T17:57:59","date_gmt":"2017-11-19T20:57:59","guid":{"rendered":"http:\/\/www.politicosdosuldabahia.com.br\/v1\/?p=99504"},"modified":"2017-11-20T11:48:45","modified_gmt":"2017-11-20T14:48:45","slug":"itapetinga-rodrigo-vai-apoiar-lucio-vieira-lima","status":"publish","type":"post","link":"https:\/\/www.politicosdosuldabahia.com.br\/v1\/2017\/11\/19\/itapetinga-rodrigo-vai-apoiar-lucio-vieira-lima\/","title":{"rendered":"ITAPETINGA: RODRIGO VAI APOIAR L\u00daCIO VIEIRA LIMA?"},"content":{"rendered":"<p><img loading=\"lazy\" decoding=\"async\" class=\"aligncenter wp-image-99505\" src=\"http:\/\/www.politicosdosuldabahia.com.br\/v1\/wp-content\/uploads\/2017\/11\/rod.jpg\" alt=\"rod\" width=\"453\" height=\"184\" srcset=\"https:\/\/www.politicosdosuldabahia.com.br\/v1\/wp-content\/uploads\/2017\/11\/rod.jpg 353w, https:\/\/www.politicosdosuldabahia.com.br\/v1\/wp-content\/uploads\/2017\/11\/rod-300x122.jpg 300w\" sizes=\"(max-width: 453px) 100vw, 453px\" \/><\/p>\n<h4 style=\"text-align: justify;\">Em Itapetinga a expectativa \u00e9 grande para saber se o prefeito Rodrigo Hagge (PMDB) vai apoiar na elei\u00e7\u00e3o do pr\u00f3ximo ano o deputado federal L\u00facio Vieira Lima (PMDB), irm\u00e3o do ex-ministro Geddel.<\/h4>\n<h4 style=\"text-align: justify;\">A fam\u00edlia de Rodrigo sempre teve liga\u00e7\u00e3o pol\u00edtica com Geddel Vieira Lima (PMDB), o seu av\u00f4 Michel Hagge (PMDB) \u00e9 amigo pessoal da fam\u00edlia Vieira Lima, prova disso \u00e9 que quando prefeito optou por apoiar Geddel e n\u00e3o fazer composi\u00e7\u00e3o com seu primo, o ent\u00e3o governador Paulo Souto (DEM).<\/h4>\n<h4 style=\"text-align: justify;\">Um membro do governo informou ao blog que pelo prefeito ele apoiaria para deputado federal Ant\u00f4nio Brito (PSD) ou Marcelo Nilo (PSL), mas como ele n\u00e3o tem autonomia para tomar essa defini\u00e7\u00e3o, ele ter\u00e1 que esperar os pr\u00f3ximos cap\u00edtulos e consultar seu av\u00f4 e sua m\u00e3e, a ex-deputada Virginia Hagge (PMDB).<\/h4>\n<h4 style=\"text-align: justify;\">Rodrigo j\u00e1 confidenciou para algumas pessoas que ser\u00e1 dif\u00edcil conseguir uma vota\u00e7\u00e3o expressiva para L\u00facio, j\u00e1 que o desgaste \u00e9 muito grande depois da pris\u00e3o de Geddel.<\/h4>\n","protected":false},"excerpt":{"rendered":"<p>Em Itapetinga a expectativa \u00e9 grande para saber se o prefeito Rodrigo Hagge (PMDB) vai apoiar na elei\u00e7\u00e3o do pr\u00f3ximo ano o deputado federal L\u00facio Vieira Lima (PMDB), irm\u00e3o do ex-ministro Geddel. A fam\u00edlia de Rodrigo sempre teve liga\u00e7\u00e3o pol\u00edtica com Geddel Vieira Lima (PMDB), o seu av\u00f4 Michel Hagge (PMDB) \u00e9 amigo pessoal da [&hellip;]<\/p>\n","protected":false},"author":2,"featured_media":99505,"comment_status":"open","ping_status":"open","sticky":false,"template":"","format":"standard","meta":{"footnotes":"","_links_to":"","_links_to_target":""},"categories":[23,1],"tags":[],"class_list":["post-99504","post","type-post","status-publish","format-standard","has-post-thumbnail","hentry","category-destaque1","category-geral"],"views":1402,"_links":{"self":[{"href":"https:\/\/www.politicosdosuldabahia.com.br\/v1\/wp-json\/wp\/v2\/posts\/99504"}],"collection":[{"href":"https:\/\/www.politicosdosuldabahia.com.br\/v1\/wp-json\/wp\/v2\/posts"}],"about":[{"href":"https:\/\/www.politicosdosuldabahia.com.br\/v1\/wp-json\/wp\/v2\/types\/post"}],"author":[{"embeddable":true,"href":"https:\/\/www.politicosdosuldabahia.com.br\/v1\/wp-json\/wp\/v2\/users\/2"}],"replies":[{"embeddable":true,"href":"https:\/\/www.politicosdosuldabahia.com.br\/v1\/wp-json\/wp\/v2\/comments?post=99504"}],"version-history":[{"count":1,"href":"https:\/\/www.politicosdosuldabahia.com.br\/v1\/wp-json\/wp\/v2\/posts\/99504\/revisions"}],"predecessor-version":[{"id":99506,"href":"https:\/\/www.politicosdosuldabahia.com.br\/v1\/wp-json\/wp\/v2\/posts\/99504\/revisions\/99506"}],"wp:featuredmedia":[{"embeddable":true,"href":"https:\/\/www.politicosdosuldabahia.com.br\/v1\/wp-json\/wp\/v2\/media\/99505"}],"wp:attachment":[{"href":"https:\/\/www.politicosdosuldabahia.com.br\/v1\/wp-json\/wp\/v2\/media?parent=99504"}],"wp:term":[{"taxonomy":"category","embeddable":true,"href":"https:\/\/www.politicosdosuldabahia.com.br\/v1\/wp-json\/wp\/v2\/categories?post=99504"},{"taxonomy":"post_tag","embeddable":true,"href":"https:\/\/www.politicosdosuldabahia.com.br\/v1\/wp-json\/wp\/v2\/tags?post=99504"}],"curies":[{"name":"wp","href":"https:\/\/api.w.org\/{rel}","templated":true}]}}