
{"id":99259,"date":"2017-11-13T09:38:16","date_gmt":"2017-11-13T12:38:16","guid":{"rendered":"http:\/\/www.politicosdosuldabahia.com.br\/v1\/?p=99259"},"modified":"2017-11-13T11:42:21","modified_gmt":"2017-11-13T14:42:21","slug":"ilheus-no-1o-dia-de-nova-lei-trabalhista-juiz-condenou-empregado","status":"publish","type":"post","link":"https:\/\/www.politicosdosuldabahia.com.br\/v1\/2017\/11\/13\/ilheus-no-1o-dia-de-nova-lei-trabalhista-juiz-condenou-empregado\/","title":{"rendered":"ILH\u00c9US: NO 1\u00ba DIA DE NOVA LEI TRABALHISTA, JUIZ  CONDENOU EMPREGADO"},"content":{"rendered":"<p><img loading=\"lazy\" decoding=\"async\" class=\"aligncenter wp-image-86849\" src=\"http:\/\/www.politicosdosuldabahia.com.br\/v1\/wp-content\/uploads\/2016\/10\/Juiz-do-Trabalho-Jos\u00e9-Cairo-J\u00fanior.jpg\" alt=\"juiz-do-trabalho-jose-cairo-junior\" width=\"445\" height=\"667\" srcset=\"https:\/\/www.politicosdosuldabahia.com.br\/v1\/wp-content\/uploads\/2016\/10\/Juiz-do-Trabalho-Jos\u00e9-Cairo-J\u00fanior.jpg 299w, https:\/\/www.politicosdosuldabahia.com.br\/v1\/wp-content\/uploads\/2016\/10\/Juiz-do-Trabalho-Jos\u00e9-Cairo-J\u00fanior-200x300.jpg 200w\" sizes=\"(max-width: 445px) 100vw, 445px\" \/><\/p>\n<h4 style=\"text-align: justify;\">Jos\u00e9 Cairo Junior(foto), juiz do trabalho de Ilh\u00e9us, proferiu dura senten\u00e7a contra um empregado no s\u00e1bado (11), baseando-se na nova legisla\u00e7\u00e3o trabalhista.<\/h4>\n<h4 style=\"text-align: justify;\">O funcion\u00e1rio havia processado o empregador por ter sido assaltado a m\u00e3o armada pouco antes de sair para a firma. Pedia R$ 50 mil, mas foi obrigado a desembolsar R$ 8.500 por litig\u00e2ncia de m\u00e1-f\u00e9 e pelas custas da a\u00e7\u00e3o.<\/h4>\n<h4 style=\"text-align: justify;\">O juiz rejeitou a tese de \u201cresponsabilidade civil do empregador decorrente de atos de viol\u00eancia praticados por terceiros\u201d. Na mesma a\u00e7\u00e3o, o trabalhador pleiteou o pagamento de horas extras, mas Cairo Junior entendeu que ele n\u00e3o comprovou a carga hor\u00e1ria adicional.<\/h4>\n<h4 style=\"text-align: justify;\">As informa\u00e7\u00f5es s\u00e3o da coluna Painel da Folha de S.Paulo.<\/h4>\n","protected":false},"excerpt":{"rendered":"<p>Jos\u00e9 Cairo Junior(foto), juiz do trabalho de Ilh\u00e9us, proferiu dura senten\u00e7a contra um empregado no s\u00e1bado (11), baseando-se na nova legisla\u00e7\u00e3o trabalhista. O funcion\u00e1rio havia processado o empregador por ter sido assaltado a m\u00e3o armada pouco antes de sair para a firma. Pedia R$ 50 mil, mas foi obrigado a desembolsar R$ 8.500 por litig\u00e2ncia [&hellip;]<\/p>\n","protected":false},"author":2,"featured_media":80678,"comment_status":"open","ping_status":"open","sticky":false,"template":"","format":"standard","meta":{"footnotes":"","_links_to":"","_links_to_target":""},"categories":[23,1],"tags":[],"class_list":["post-99259","post","type-post","status-publish","format-standard","has-post-thumbnail","hentry","category-destaque1","category-geral"],"views":7476,"_links":{"self":[{"href":"https:\/\/www.politicosdosuldabahia.com.br\/v1\/wp-json\/wp\/v2\/posts\/99259"}],"collection":[{"href":"https:\/\/www.politicosdosuldabahia.com.br\/v1\/wp-json\/wp\/v2\/posts"}],"about":[{"href":"https:\/\/www.politicosdosuldabahia.com.br\/v1\/wp-json\/wp\/v2\/types\/post"}],"author":[{"embeddable":true,"href":"https:\/\/www.politicosdosuldabahia.com.br\/v1\/wp-json\/wp\/v2\/users\/2"}],"replies":[{"embeddable":true,"href":"https:\/\/www.politicosdosuldabahia.com.br\/v1\/wp-json\/wp\/v2\/comments?post=99259"}],"version-history":[{"count":2,"href":"https:\/\/www.politicosdosuldabahia.com.br\/v1\/wp-json\/wp\/v2\/posts\/99259\/revisions"}],"predecessor-version":[{"id":99261,"href":"https:\/\/www.politicosdosuldabahia.com.br\/v1\/wp-json\/wp\/v2\/posts\/99259\/revisions\/99261"}],"wp:featuredmedia":[{"embeddable":true,"href":"https:\/\/www.politicosdosuldabahia.com.br\/v1\/wp-json\/wp\/v2\/media\/80678"}],"wp:attachment":[{"href":"https:\/\/www.politicosdosuldabahia.com.br\/v1\/wp-json\/wp\/v2\/media?parent=99259"}],"wp:term":[{"taxonomy":"category","embeddable":true,"href":"https:\/\/www.politicosdosuldabahia.com.br\/v1\/wp-json\/wp\/v2\/categories?post=99259"},{"taxonomy":"post_tag","embeddable":true,"href":"https:\/\/www.politicosdosuldabahia.com.br\/v1\/wp-json\/wp\/v2\/tags?post=99259"}],"curies":[{"name":"wp","href":"https:\/\/api.w.org\/{rel}","templated":true}]}}