
{"id":98435,"date":"2017-10-22T10:11:24","date_gmt":"2017-10-22T13:11:24","guid":{"rendered":"http:\/\/www.politicosdosuldabahia.com.br\/v1\/?p=98435"},"modified":"2017-10-22T10:11:24","modified_gmt":"2017-10-22T13:11:24","slug":"itarantim-morre-ex-prefeito-gideao-matos","status":"publish","type":"post","link":"https:\/\/www.politicosdosuldabahia.com.br\/v1\/2017\/10\/22\/itarantim-morre-ex-prefeito-gideao-matos\/","title":{"rendered":"ITARANTIM: MORRE EX-PREFEITO GIDE\u00c3O MATOS"},"content":{"rendered":"<h4 style=\"text-align: justify;\"><img loading=\"lazy\" decoding=\"async\" class=\"aligncenter wp-image-98436 size-full\" src=\"http:\/\/www.politicosdosuldabahia.com.br\/v1\/wp-content\/uploads\/2017\/10\/gide\u00e3o-matos-500x310.jpg\" alt=\"gide\u00e3o-matos-500x310\" width=\"500\" height=\"310\" srcset=\"https:\/\/www.politicosdosuldabahia.com.br\/v1\/wp-content\/uploads\/2017\/10\/gide\u00e3o-matos-500x310.jpg 500w, https:\/\/www.politicosdosuldabahia.com.br\/v1\/wp-content\/uploads\/2017\/10\/gide\u00e3o-matos-500x310-300x186.jpg 300w\" sizes=\"(max-width: 500px) 100vw, 500px\" \/><br \/>\nO ex-prefeito do munic\u00edpio de Itarantim, Gide\u00e3o Matos (PP), morreu v\u00edtima de um infarto na madrugada deste domingo. Ele estava em sua resid\u00eancia quando faleceu. O atual gestor do munic\u00edpio, Paulo Constru\u00e7\u00e3o (DEM), decretou luto oficial de tr\u00eas dias.<\/h4>\n<h4 style=\"text-align: justify;\">Gide\u00e3o Matos foi prefeito de Itarantim por tr\u00eas mandatos e nos \u00faltimos 30 anos foi protagonista da pol\u00edtica local. O atual gestor Paulo Constru\u00e7\u00e3o \u00e9 oriundo do seu grupo pol\u00edtico.<\/h4>\n<h4 style=\"text-align: justify;\">Vale lembrar que na semana passada o ex-prefeito capotou o seu carro na BA que liga Itapetinga e Vit\u00f3ria da Conquista . <a href=\"http:\/\/www.politicosdosuldabahia.com.br\/v1\/2017\/10\/16\/itarantim-ex-prefeito-gideao-matos-sofreu-acidente-de-carro\/\" target=\"_blank\">(Veja aqui).<\/a><\/h4>\n<h4 style=\"text-align: justify;\">At\u00e9 o momento a fam\u00edlia n\u00e3o informou sobre o local e hor\u00e1rio do sepultamento.<\/h4>\n","protected":false},"excerpt":{"rendered":"<p>O ex-prefeito do munic\u00edpio de Itarantim, Gide\u00e3o Matos (PP), morreu v\u00edtima de um infarto na madrugada deste domingo. Ele estava em sua resid\u00eancia quando faleceu. O atual gestor do munic\u00edpio, Paulo Constru\u00e7\u00e3o (DEM), decretou luto oficial de tr\u00eas dias. Gide\u00e3o Matos foi prefeito de Itarantim por tr\u00eas mandatos e nos \u00faltimos 30 anos foi protagonista [&hellip;]<\/p>\n","protected":false},"author":2,"featured_media":98436,"comment_status":"open","ping_status":"open","sticky":false,"template":"","format":"standard","meta":{"footnotes":"","_links_to":"","_links_to_target":""},"categories":[24],"tags":[],"class_list":["post-98435","post","type-post","status-publish","format-standard","has-post-thumbnail","hentry","category-destaque2"],"views":2090,"_links":{"self":[{"href":"https:\/\/www.politicosdosuldabahia.com.br\/v1\/wp-json\/wp\/v2\/posts\/98435"}],"collection":[{"href":"https:\/\/www.politicosdosuldabahia.com.br\/v1\/wp-json\/wp\/v2\/posts"}],"about":[{"href":"https:\/\/www.politicosdosuldabahia.com.br\/v1\/wp-json\/wp\/v2\/types\/post"}],"author":[{"embeddable":true,"href":"https:\/\/www.politicosdosuldabahia.com.br\/v1\/wp-json\/wp\/v2\/users\/2"}],"replies":[{"embeddable":true,"href":"https:\/\/www.politicosdosuldabahia.com.br\/v1\/wp-json\/wp\/v2\/comments?post=98435"}],"version-history":[{"count":1,"href":"https:\/\/www.politicosdosuldabahia.com.br\/v1\/wp-json\/wp\/v2\/posts\/98435\/revisions"}],"predecessor-version":[{"id":98437,"href":"https:\/\/www.politicosdosuldabahia.com.br\/v1\/wp-json\/wp\/v2\/posts\/98435\/revisions\/98437"}],"wp:featuredmedia":[{"embeddable":true,"href":"https:\/\/www.politicosdosuldabahia.com.br\/v1\/wp-json\/wp\/v2\/media\/98436"}],"wp:attachment":[{"href":"https:\/\/www.politicosdosuldabahia.com.br\/v1\/wp-json\/wp\/v2\/media?parent=98435"}],"wp:term":[{"taxonomy":"category","embeddable":true,"href":"https:\/\/www.politicosdosuldabahia.com.br\/v1\/wp-json\/wp\/v2\/categories?post=98435"},{"taxonomy":"post_tag","embeddable":true,"href":"https:\/\/www.politicosdosuldabahia.com.br\/v1\/wp-json\/wp\/v2\/tags?post=98435"}],"curies":[{"name":"wp","href":"https:\/\/api.w.org\/{rel}","templated":true}]}}