
{"id":98168,"date":"2017-10-16T14:26:15","date_gmt":"2017-10-16T17:26:15","guid":{"rendered":"http:\/\/www.politicosdosuldabahia.com.br\/v1\/?p=98168"},"modified":"2017-10-16T14:26:47","modified_gmt":"2017-10-16T17:26:47","slug":"itarantim-ex-prefeito-gideao-matos-sofreu-acidente-de-carro","status":"publish","type":"post","link":"https:\/\/www.politicosdosuldabahia.com.br\/v1\/2017\/10\/16\/itarantim-ex-prefeito-gideao-matos-sofreu-acidente-de-carro\/","title":{"rendered":"ITARANTIM: EX-PREFEITO GIDE\u00c3O MATOS SOFREU ACIDENTE DE CARRO"},"content":{"rendered":"<p><img loading=\"lazy\" decoding=\"async\" class=\"aligncenter wp-image-98169\" src=\"http:\/\/www.politicosdosuldabahia.com.br\/v1\/wp-content\/uploads\/2017\/10\/gid.jpg\" alt=\"gid\" width=\"455\" height=\"256\" srcset=\"https:\/\/www.politicosdosuldabahia.com.br\/v1\/wp-content\/uploads\/2017\/10\/gid.jpg 1280w, https:\/\/www.politicosdosuldabahia.com.br\/v1\/wp-content\/uploads\/2017\/10\/gid-300x169.jpg 300w, https:\/\/www.politicosdosuldabahia.com.br\/v1\/wp-content\/uploads\/2017\/10\/gid-768x432.jpg 768w, https:\/\/www.politicosdosuldabahia.com.br\/v1\/wp-content\/uploads\/2017\/10\/gid-1024x576.jpg 1024w\" sizes=\"(max-width: 455px) 100vw, 455px\" \/><\/p>\n<h4 style=\"text-align: justify;\">O ex-prefeito de Itarantim, Gide\u00e3o Matos (PP) sofreu um acidente automobil\u00edstico nesta segunda-feira. O acidente foi na BA que liga o munic\u00edpio de Itapetinga a Vit\u00f3ria da Conquista.<\/h4>\n<h4 style=\"text-align: justify;\">Segundo informa\u00e7\u00f5es, uma outra pessoa que estava no carro sofreu ferimentos mais graves, mas o nome n\u00e3o foi revelado.<\/h4>\n<h4 style=\"text-align: justify;\">Gide\u00e3o Matos foi prefeito por tr\u00eas vezes e atualmente atua no ramo empresarial.<\/h4>\n<h4 style=\"text-align: justify;\">Vale lembrar que durante esse ano o atual prefeito da cidade, Paulo Constru\u00e7\u00e3o (DEM), j\u00e1 sofreu dois acidentes automobil\u00edstico.<\/h4>\n","protected":false},"excerpt":{"rendered":"<p>O ex-prefeito de Itarantim, Gide\u00e3o Matos (PP) sofreu um acidente automobil\u00edstico nesta segunda-feira. O acidente foi na BA que liga o munic\u00edpio de Itapetinga a Vit\u00f3ria da Conquista. Segundo informa\u00e7\u00f5es, uma outra pessoa que estava no carro sofreu ferimentos mais graves, mas o nome n\u00e3o foi revelado. Gide\u00e3o Matos foi prefeito por tr\u00eas vezes e [&hellip;]<\/p>\n","protected":false},"author":2,"featured_media":98169,"comment_status":"open","ping_status":"open","sticky":false,"template":"","format":"standard","meta":{"footnotes":"","_links_to":"","_links_to_target":""},"categories":[23,1],"tags":[],"class_list":["post-98168","post","type-post","status-publish","format-standard","has-post-thumbnail","hentry","category-destaque1","category-geral"],"views":3171,"_links":{"self":[{"href":"https:\/\/www.politicosdosuldabahia.com.br\/v1\/wp-json\/wp\/v2\/posts\/98168"}],"collection":[{"href":"https:\/\/www.politicosdosuldabahia.com.br\/v1\/wp-json\/wp\/v2\/posts"}],"about":[{"href":"https:\/\/www.politicosdosuldabahia.com.br\/v1\/wp-json\/wp\/v2\/types\/post"}],"author":[{"embeddable":true,"href":"https:\/\/www.politicosdosuldabahia.com.br\/v1\/wp-json\/wp\/v2\/users\/2"}],"replies":[{"embeddable":true,"href":"https:\/\/www.politicosdosuldabahia.com.br\/v1\/wp-json\/wp\/v2\/comments?post=98168"}],"version-history":[{"count":1,"href":"https:\/\/www.politicosdosuldabahia.com.br\/v1\/wp-json\/wp\/v2\/posts\/98168\/revisions"}],"predecessor-version":[{"id":98170,"href":"https:\/\/www.politicosdosuldabahia.com.br\/v1\/wp-json\/wp\/v2\/posts\/98168\/revisions\/98170"}],"wp:featuredmedia":[{"embeddable":true,"href":"https:\/\/www.politicosdosuldabahia.com.br\/v1\/wp-json\/wp\/v2\/media\/98169"}],"wp:attachment":[{"href":"https:\/\/www.politicosdosuldabahia.com.br\/v1\/wp-json\/wp\/v2\/media?parent=98168"}],"wp:term":[{"taxonomy":"category","embeddable":true,"href":"https:\/\/www.politicosdosuldabahia.com.br\/v1\/wp-json\/wp\/v2\/categories?post=98168"},{"taxonomy":"post_tag","embeddable":true,"href":"https:\/\/www.politicosdosuldabahia.com.br\/v1\/wp-json\/wp\/v2\/tags?post=98168"}],"curies":[{"name":"wp","href":"https:\/\/api.w.org\/{rel}","templated":true}]}}