
{"id":98098,"date":"2017-10-12T22:48:29","date_gmt":"2017-10-13T01:48:29","guid":{"rendered":"http:\/\/www.politicosdosuldabahia.com.br\/v1\/?p=98098"},"modified":"2017-10-12T22:48:49","modified_gmt":"2017-10-13T01:48:49","slug":"ibirataia-morre-ex-prefeito-julio-leal","status":"publish","type":"post","link":"https:\/\/www.politicosdosuldabahia.com.br\/v1\/2017\/10\/12\/ibirataia-morre-ex-prefeito-julio-leal\/","title":{"rendered":"IBIRATAIA: MORRE EX-PREFEITO J\u00daLIO LEAL"},"content":{"rendered":"<p><img loading=\"lazy\" decoding=\"async\" class=\"aligncenter wp-image-98067 size-full\" src=\"http:\/\/www.politicosdosuldabahia.com.br\/v1\/wp-content\/uploads\/2017\/10\/Julio-e-Ana-Leal-1.jpg\" alt=\"Julio e Ana Leal (1)\" width=\"500\" height=\"287\" srcset=\"https:\/\/www.politicosdosuldabahia.com.br\/v1\/wp-content\/uploads\/2017\/10\/Julio-e-Ana-Leal-1.jpg 500w, https:\/\/www.politicosdosuldabahia.com.br\/v1\/wp-content\/uploads\/2017\/10\/Julio-e-Ana-Leal-1-300x172.jpg 300w\" sizes=\"(max-width: 500px) 100vw, 500px\" \/><\/p>\n<h4 style=\"text-align: justify;\">Morreu nesta quinta-feira no hospital do Sub\u00farbio, em Salvador, o ex-prefeito de Ibirataia, J\u00falio Leal. O mesmo sofreu um acidente automobil\u00edstico ontem e foi levado para o hospital em Jequi\u00e9 em estado grave. Foi feita a transfer\u00eancia para Salvador, mas ele acabou n\u00e3o resistindo.(<a href=\"http:\/\/www.politicosdosuldabahia.com.br\/v1\/2017\/10\/11\/ibirataia-ex-prefeito-julio-leal-sofre-acidente-e-e-internado-em-estado-grave-em-hospital\/\" target=\"_blank\">veja aqui<\/a>)<\/h4>\n<h4 style=\"text-align: justify;\">Vale lembrar que J\u00falio Leal foi prefeito de 2001 e 2004 e \u00e9 esposo da atual prefeita do munic\u00edpio de Ibirataia, Ana Cl\u00e9ia, e atualmente \u00e9 o secret\u00e1rio de administra\u00e7\u00e3o do munic\u00edpio.<\/h4>\n<h4 style=\"text-align: justify;\">At\u00e9 o momento a fam\u00edlia n\u00e3o informou o local e hor\u00e1rio do sepultamento.<\/h4>\n","protected":false},"excerpt":{"rendered":"<p>Morreu nesta quinta-feira no hospital do Sub\u00farbio, em Salvador, o ex-prefeito de Ibirataia, J\u00falio Leal. O mesmo sofreu um acidente automobil\u00edstico ontem e foi levado para o hospital em Jequi\u00e9 em estado grave. Foi feita a transfer\u00eancia para Salvador, mas ele acabou n\u00e3o resistindo.(veja aqui) Vale lembrar que J\u00falio Leal foi prefeito de 2001 e [&hellip;]<\/p>\n","protected":false},"author":2,"featured_media":98067,"comment_status":"open","ping_status":"open","sticky":false,"template":"","format":"standard","meta":{"footnotes":"","_links_to":"","_links_to_target":""},"categories":[23,1],"tags":[],"class_list":["post-98098","post","type-post","status-publish","format-standard","has-post-thumbnail","hentry","category-destaque1","category-geral"],"views":5412,"_links":{"self":[{"href":"https:\/\/www.politicosdosuldabahia.com.br\/v1\/wp-json\/wp\/v2\/posts\/98098"}],"collection":[{"href":"https:\/\/www.politicosdosuldabahia.com.br\/v1\/wp-json\/wp\/v2\/posts"}],"about":[{"href":"https:\/\/www.politicosdosuldabahia.com.br\/v1\/wp-json\/wp\/v2\/types\/post"}],"author":[{"embeddable":true,"href":"https:\/\/www.politicosdosuldabahia.com.br\/v1\/wp-json\/wp\/v2\/users\/2"}],"replies":[{"embeddable":true,"href":"https:\/\/www.politicosdosuldabahia.com.br\/v1\/wp-json\/wp\/v2\/comments?post=98098"}],"version-history":[{"count":1,"href":"https:\/\/www.politicosdosuldabahia.com.br\/v1\/wp-json\/wp\/v2\/posts\/98098\/revisions"}],"predecessor-version":[{"id":98099,"href":"https:\/\/www.politicosdosuldabahia.com.br\/v1\/wp-json\/wp\/v2\/posts\/98098\/revisions\/98099"}],"wp:featuredmedia":[{"embeddable":true,"href":"https:\/\/www.politicosdosuldabahia.com.br\/v1\/wp-json\/wp\/v2\/media\/98067"}],"wp:attachment":[{"href":"https:\/\/www.politicosdosuldabahia.com.br\/v1\/wp-json\/wp\/v2\/media?parent=98098"}],"wp:term":[{"taxonomy":"category","embeddable":true,"href":"https:\/\/www.politicosdosuldabahia.com.br\/v1\/wp-json\/wp\/v2\/categories?post=98098"},{"taxonomy":"post_tag","embeddable":true,"href":"https:\/\/www.politicosdosuldabahia.com.br\/v1\/wp-json\/wp\/v2\/tags?post=98098"}],"curies":[{"name":"wp","href":"https:\/\/api.w.org\/{rel}","templated":true}]}}