
{"id":97917,"date":"2017-10-07T08:46:37","date_gmt":"2017-10-07T11:46:37","guid":{"rendered":"http:\/\/www.politicosdosuldabahia.com.br\/v1\/?p=97917"},"modified":"2017-10-08T17:55:20","modified_gmt":"2017-10-08T20:55:20","slug":"itabuna-geraldo-simoes-sera-candidato-a-deputado-estadual","status":"publish","type":"post","link":"https:\/\/www.politicosdosuldabahia.com.br\/v1\/2017\/10\/07\/itabuna-geraldo-simoes-sera-candidato-a-deputado-estadual\/","title":{"rendered":"ITABUNA: GERALDO SIM\u00d5ES SER\u00c1 CANDIDATO A DEPUTADO ESTADUAL"},"content":{"rendered":"<p><img loading=\"lazy\" decoding=\"async\" class=\"aligncenter wp-image-94978\" src=\"http:\/\/www.politicosdosuldabahia.com.br\/v1\/wp-content\/uploads\/2017\/07\/conven\u00e7\u00e3o-Geraldo3.jpeg\" alt=\"conven\u00e7\u00e3o Geraldo3\" width=\"455\" height=\"371\" \/><\/p>\n<h4 style=\"text-align: justify;\">O ex-prefeito de Itabuna, Geraldo Sim\u00f5es (PT) j\u00e1 decidiu que ser\u00e1 candidato a deputado estadual em 2018. Ele estava avaliando o cen\u00e1rio e esperando o resultado da reforma pol\u00edtica que foi aprovada pelo congresso nacional.<\/h4>\n<h4 style=\"text-align: justify;\">Geraldo estava na d\u00favida entre ser candidato a deputado federal e deputado estadual, mas nesta semana a decis\u00e3o foi em ser candidato a deputado estadual.<\/h4>\n<h4 style=\"text-align: justify;\">O petista j\u00e1 come\u00e7ou a ser articular para fazer uma dobradinha forte em Itabuna, nos bastidores o coment\u00e1rio \u00e9 que ele pode dobrar com o ex-prefeito de Vit\u00f3ria da Conquista, Guilherme Menezes (PT), que ser\u00e1 candidato a deputado federal.<\/h4>\n<h4 style=\"text-align: justify;\">Vale lembrar que Geraldo Sim\u00f5es foi deputado estadual de 1990 a 1992, e tem dois mandatos de prefeito e tr\u00eas de deputado federal.<\/h4>\n","protected":false},"excerpt":{"rendered":"<p>O ex-prefeito de Itabuna, Geraldo Sim\u00f5es (PT) j\u00e1 decidiu que ser\u00e1 candidato a deputado estadual em 2018. Ele estava avaliando o cen\u00e1rio e esperando o resultado da reforma pol\u00edtica que foi aprovada pelo congresso nacional. Geraldo estava na d\u00favida entre ser candidato a deputado federal e deputado estadual, mas nesta semana a decis\u00e3o foi em [&hellip;]<\/p>\n","protected":false},"author":2,"featured_media":94978,"comment_status":"open","ping_status":"open","sticky":false,"template":"","format":"standard","meta":{"footnotes":"","_links_to":"","_links_to_target":""},"categories":[25,1],"tags":[],"class_list":["post-97917","post","type-post","status-publish","format-standard","has-post-thumbnail","hentry","category-destaque3","category-geral"],"views":5621,"_links":{"self":[{"href":"https:\/\/www.politicosdosuldabahia.com.br\/v1\/wp-json\/wp\/v2\/posts\/97917"}],"collection":[{"href":"https:\/\/www.politicosdosuldabahia.com.br\/v1\/wp-json\/wp\/v2\/posts"}],"about":[{"href":"https:\/\/www.politicosdosuldabahia.com.br\/v1\/wp-json\/wp\/v2\/types\/post"}],"author":[{"embeddable":true,"href":"https:\/\/www.politicosdosuldabahia.com.br\/v1\/wp-json\/wp\/v2\/users\/2"}],"replies":[{"embeddable":true,"href":"https:\/\/www.politicosdosuldabahia.com.br\/v1\/wp-json\/wp\/v2\/comments?post=97917"}],"version-history":[{"count":1,"href":"https:\/\/www.politicosdosuldabahia.com.br\/v1\/wp-json\/wp\/v2\/posts\/97917\/revisions"}],"predecessor-version":[{"id":97918,"href":"https:\/\/www.politicosdosuldabahia.com.br\/v1\/wp-json\/wp\/v2\/posts\/97917\/revisions\/97918"}],"wp:featuredmedia":[{"embeddable":true,"href":"https:\/\/www.politicosdosuldabahia.com.br\/v1\/wp-json\/wp\/v2\/media\/94978"}],"wp:attachment":[{"href":"https:\/\/www.politicosdosuldabahia.com.br\/v1\/wp-json\/wp\/v2\/media?parent=97917"}],"wp:term":[{"taxonomy":"category","embeddable":true,"href":"https:\/\/www.politicosdosuldabahia.com.br\/v1\/wp-json\/wp\/v2\/categories?post=97917"},{"taxonomy":"post_tag","embeddable":true,"href":"https:\/\/www.politicosdosuldabahia.com.br\/v1\/wp-json\/wp\/v2\/tags?post=97917"}],"curies":[{"name":"wp","href":"https:\/\/api.w.org\/{rel}","templated":true}]}}