
{"id":97517,"date":"2017-09-26T21:43:30","date_gmt":"2017-09-27T00:43:30","guid":{"rendered":"http:\/\/www.politicosdosuldabahia.com.br\/v1\/?p=97517"},"modified":"2017-09-26T22:38:13","modified_gmt":"2017-09-27T01:38:13","slug":"ibicarai-prefeito-lula-brandao-apresenta-josias-gomes-como-seu-deputado-federal","status":"publish","type":"post","link":"https:\/\/www.politicosdosuldabahia.com.br\/v1\/2017\/09\/26\/ibicarai-prefeito-lula-brandao-apresenta-josias-gomes-como-seu-deputado-federal\/","title":{"rendered":"IBICARA\u00cd: PREFEITO LULA BRAND\u00c3O APRESENTA JOSIAS GOMES COMO SEU DEPUTADO FEDERAL"},"content":{"rendered":"<p><img loading=\"lazy\" decoding=\"async\" class=\"aligncenter wp-image-97518\" src=\"http:\/\/www.politicosdosuldabahia.com.br\/v1\/wp-content\/uploads\/2017\/09\/ibi.jpg\" alt=\"ibi\" width=\"460\" height=\"305\" srcset=\"https:\/\/www.politicosdosuldabahia.com.br\/v1\/wp-content\/uploads\/2017\/09\/ibi.jpg 960w, https:\/\/www.politicosdosuldabahia.com.br\/v1\/wp-content\/uploads\/2017\/09\/ibi-300x199.jpg 300w, https:\/\/www.politicosdosuldabahia.com.br\/v1\/wp-content\/uploads\/2017\/09\/ibi-768x510.jpg 768w\" sizes=\"(max-width: 460px) 100vw, 460px\" \/><\/p>\n<h4 style=\"text-align: justify;\">Convidado pelo prefeito Lula Brand\u00e3o, o secret\u00e1rio Josias Gomes, titular da Secretaria de Rela\u00e7\u00f5es Institucionais do Estado da Bahia (Serin), participou na noite de sexta-feira (22) de um encontro com dezenas de lideran\u00e7as pol\u00edticas do munic\u00edpio de Ibicara\u00ed. O encontro aconteceu no sal\u00e3o social do Clube dos Quarenta.<\/h4>\n<h4 style=\"text-align: justify;\">Estiveram presentes o prefeito Lula Brand\u00e3o acompanhado da primeira dama e secretaria de Assist\u00eancia Social, Alessandra Brand\u00e3o, a vice-prefeita e secretaria de Educa\u00e7\u00e3o, Adriana Assis, secret\u00e1rios de governo, vereadores, ex-vereadores, lideran\u00e7as pol\u00edticas, e comunit\u00e1rias do munic\u00edpio.<\/h4>\n<h4 style=\"text-align: justify;\">Na chegada, o secret\u00e1rio Josias Gomes &#8211; que est\u00e1 em seu terceiro mandato de deputado federal -, foi muito aplaudido e abra\u00e7ado. Acompanhado do prefeito Lula Brand\u00e3o, Josias Gomes foi de mesa em mesa, falou e fotografou com todos os presentes, e circulou entre todos com bastante desenvoltura, com a simpatia que lhe \u00e9 peculiar.<\/h4>\n<h4 style=\"text-align: justify;\">Josias Gomes falou do seu contentamento em estar em Ibicara\u00ed. \u201c\u00c9 muito bom chegar a um lugar e se sentir em casa, e desde o primeiro momento que pisei hoje no solo desta querida cidade de Ibicara\u00ed estou com esta boa sensa\u00e7\u00e3o de estar em casa. Chego aqui pelas m\u00e3os do prefeito Lula Brand\u00e3o e de sua equipe, e fiquei muito feliz em saber que tenho amigos de longas datas compondo esta gest\u00e3o de uni\u00e3o e trabalho&#8221;.<\/h4>\n<h4 style=\"text-align: justify;\">O prefeito Lula Brand\u00e3o falou de seu contentamento em receber o titular da Serin. \u201cNobre amigo Josias Gomes, saiba que aqui nesta noite, est\u00e3o meus amigos e ainda faltam muitos. Te apresentei um a um e te falei o nome de todos, e voc\u00ea pode chamara todos de companheiros, pois os meus companheiros s\u00e3o seus companheiros e do governador Rui Costa. N\u00f3s iremos marchar juntos na empreitada que se aproxima, \u00e9 bom que todos saibam que o secret\u00e1rio Josias Gomes, n\u00e3o tem medido esfor\u00e7os para nos atender em Salvador, e nunca pediu nada em troca. Com a sua ajuda e for\u00e7a, temos conseguido ser contemplados em v\u00e1rios pleitos ao longo deste ano de 2017, e muito ainda iremos recorrer a ele, pois nosso munic\u00edpio \u00e9 muito carente. Estamos ansiosos pela visita do governador Rui, pois como Josias disse, o governador nunca vem de m\u00e3os vazias. Pe\u00e7o que leve o fraternal abra\u00e7o dos Ibicaraienses para o governador Rui Costa\u201d, destacou o prefeito Lula Brand\u00e3o.<\/h4>\n","protected":false},"excerpt":{"rendered":"<p>Convidado pelo prefeito Lula Brand\u00e3o, o secret\u00e1rio Josias Gomes, titular da Secretaria de Rela\u00e7\u00f5es Institucionais do Estado da Bahia (Serin), participou na noite de sexta-feira (22) de um encontro com dezenas de lideran\u00e7as pol\u00edticas do munic\u00edpio de Ibicara\u00ed. O encontro aconteceu no sal\u00e3o social do Clube dos Quarenta. Estiveram presentes o prefeito Lula Brand\u00e3o acompanhado [&hellip;]<\/p>\n","protected":false},"author":2,"featured_media":97518,"comment_status":"open","ping_status":"open","sticky":false,"template":"","format":"standard","meta":{"footnotes":"","_links_to":"","_links_to_target":""},"categories":[23,1],"tags":[],"class_list":["post-97517","post","type-post","status-publish","format-standard","has-post-thumbnail","hentry","category-destaque1","category-geral"],"views":1902,"_links":{"self":[{"href":"https:\/\/www.politicosdosuldabahia.com.br\/v1\/wp-json\/wp\/v2\/posts\/97517"}],"collection":[{"href":"https:\/\/www.politicosdosuldabahia.com.br\/v1\/wp-json\/wp\/v2\/posts"}],"about":[{"href":"https:\/\/www.politicosdosuldabahia.com.br\/v1\/wp-json\/wp\/v2\/types\/post"}],"author":[{"embeddable":true,"href":"https:\/\/www.politicosdosuldabahia.com.br\/v1\/wp-json\/wp\/v2\/users\/2"}],"replies":[{"embeddable":true,"href":"https:\/\/www.politicosdosuldabahia.com.br\/v1\/wp-json\/wp\/v2\/comments?post=97517"}],"version-history":[{"count":1,"href":"https:\/\/www.politicosdosuldabahia.com.br\/v1\/wp-json\/wp\/v2\/posts\/97517\/revisions"}],"predecessor-version":[{"id":97519,"href":"https:\/\/www.politicosdosuldabahia.com.br\/v1\/wp-json\/wp\/v2\/posts\/97517\/revisions\/97519"}],"wp:featuredmedia":[{"embeddable":true,"href":"https:\/\/www.politicosdosuldabahia.com.br\/v1\/wp-json\/wp\/v2\/media\/97518"}],"wp:attachment":[{"href":"https:\/\/www.politicosdosuldabahia.com.br\/v1\/wp-json\/wp\/v2\/media?parent=97517"}],"wp:term":[{"taxonomy":"category","embeddable":true,"href":"https:\/\/www.politicosdosuldabahia.com.br\/v1\/wp-json\/wp\/v2\/categories?post=97517"},{"taxonomy":"post_tag","embeddable":true,"href":"https:\/\/www.politicosdosuldabahia.com.br\/v1\/wp-json\/wp\/v2\/tags?post=97517"}],"curies":[{"name":"wp","href":"https:\/\/api.w.org\/{rel}","templated":true}]}}