
{"id":97483,"date":"2017-09-26T13:30:22","date_gmt":"2017-09-26T16:30:22","guid":{"rendered":"http:\/\/www.politicosdosuldabahia.com.br\/v1\/?p=97483"},"modified":"2017-09-26T22:39:38","modified_gmt":"2017-09-27T01:39:38","slug":"urucuca-municipio-tem-queda-de-40-na-arrecadacao-e-promove-austeridade-nas-contas","status":"publish","type":"post","link":"https:\/\/www.politicosdosuldabahia.com.br\/v1\/2017\/09\/26\/urucuca-municipio-tem-queda-de-40-na-arrecadacao-e-promove-austeridade-nas-contas\/","title":{"rendered":"URU\u00c7UCA: MUNIC\u00cdPIO TEM QUEDA DE 40% NA ARRECADA\u00c7\u00c3O E PROMOVE AUSTERIDADE NAS CONTAS"},"content":{"rendered":"<h4 style=\"text-align: justify;\"><img loading=\"lazy\" decoding=\"async\" class=\"aligncenter wp-image-97484 size-full\" src=\"http:\/\/www.politicosdosuldabahia.com.br\/v1\/wp-content\/uploads\/2017\/09\/20170922_084543.jpg\" alt=\"20170922_084543\" width=\"445\" height=\"334\" srcset=\"https:\/\/www.politicosdosuldabahia.com.br\/v1\/wp-content\/uploads\/2017\/09\/20170922_084543.jpg 445w, https:\/\/www.politicosdosuldabahia.com.br\/v1\/wp-content\/uploads\/2017\/09\/20170922_084543-300x225.jpg 300w\" sizes=\"(max-width: 445px) 100vw, 445px\" \/><br \/>\nO munic\u00edpio sul baiano de Uru\u00e7uca teve uma queda de arrecada\u00e7\u00e3o de cerca de 40% em agosto em rela\u00e7\u00e3o ao mesmo per\u00edodo do ano passado. E para enfrentar o per\u00edodo de baixas receitas, a prefeitura est\u00e1 promovendo uma s\u00e9rie de ajustes nas contas. O prefeito Moacyr Leite J\u00fanior recomendou a sua equipe de governo, que promova um estudo detalhado dos custos de todos os servi\u00e7os prestados \u00e0 popula\u00e7\u00e3o.<\/h4>\n<h4 style=\"text-align: justify;\">O objetivo \u00e9 reduzir custos da m\u00e1quina p\u00fablica e n\u00e3o afetar a qualidade dos servi\u00e7os, de acordo com secret\u00e1rio municipal de Finan\u00e7as, Jos\u00e9 Carlos Brito. O munic\u00edpio j\u00e1 vinha adotando medidas para redu\u00e7\u00e3o dos custos com energia el\u00e9trica, carros, combust\u00edvel, telefone e alugu\u00e9is. \u201cO combust\u00edvel, por exemplo, n\u00f3s controlamos na bomba mantendo um controle rigoroso do consumo\u201d, informa o secret\u00e1rio.<\/h4>\n<h4 style=\"text-align: justify;\">Com uma popula\u00e7\u00e3o estimada pelo IBGE em 21711 habitantes, Uru\u00e7uca vive basicamente de repasses do Fundo de Participa\u00e7\u00e3o dos Munic\u00edpios (FPM), isso numa \u00e1rea territorial extensa, um total de 510,00 km\u00b2. Al\u00e9m da sede, o munic\u00edpio tem uma grande \u00e1rea rural com centenas de quil\u00f4metros de estradas vicinais para manter e a Vila de Serra Grande.<\/h4>\n<h4 style=\"text-align: justify;\">\u201cAs medidas que estamos tomando n\u00e3o \u00e9 um desejo do prefeito, s\u00e3o para cumprir a lei de Responsabilidade Fiscal (LRF), que limita em 54% o comprometimento com a folha, manter sal\u00e1rios e fornecedores em dia o que estamos garantindo\u201d, pontua o secret\u00e1rio.<\/h4>\n<h4 style=\"text-align: justify;\">Servi\u00e7os<\/h4>\n<h4 style=\"text-align: justify;\">Mesmo enfrentando dificuldades a prefeitura vem garantindo \u00e0 popula\u00e7\u00e3o m\u00e9dicos em todos os postos de sa\u00fade, e m\u00e9dico plantonista no posto central, transporte escolar para v\u00e1rias localidades, programas sociais como o Proassist em todas as modalidades, limpeza urbana e poda de \u00e1rvores, servi\u00e7os reconhecidos pela popula\u00e7\u00e3o.<\/h4>\n<h4 style=\"text-align: justify;\">Para refor\u00e7ar a economia rural, programas como Programa Nacional de Alimentos (PAA) v\u00eam sendo executado fortalecendo a agricultura familiar e ajudando entidades assistenciais. A prefeitura tamb\u00e9m vem promovendo a regulariza\u00e7\u00e3o fundi\u00e1ria em v\u00e1rios im\u00f3veis da zona rural.<\/h4>\n","protected":false},"excerpt":{"rendered":"<p>O munic\u00edpio sul baiano de Uru\u00e7uca teve uma queda de arrecada\u00e7\u00e3o de cerca de 40% em agosto em rela\u00e7\u00e3o ao mesmo per\u00edodo do ano passado. E para enfrentar o per\u00edodo de baixas receitas, a prefeitura est\u00e1 promovendo uma s\u00e9rie de ajustes nas contas. O prefeito Moacyr Leite J\u00fanior recomendou a sua equipe de governo, que [&hellip;]<\/p>\n","protected":false},"author":991,"featured_media":97484,"comment_status":"open","ping_status":"open","sticky":false,"template":"","format":"standard","meta":{"footnotes":"","_links_to":"","_links_to_target":""},"categories":[25,1],"tags":[],"class_list":["post-97483","post","type-post","status-publish","format-standard","has-post-thumbnail","hentry","category-destaque3","category-geral"],"views":1982,"_links":{"self":[{"href":"https:\/\/www.politicosdosuldabahia.com.br\/v1\/wp-json\/wp\/v2\/posts\/97483"}],"collection":[{"href":"https:\/\/www.politicosdosuldabahia.com.br\/v1\/wp-json\/wp\/v2\/posts"}],"about":[{"href":"https:\/\/www.politicosdosuldabahia.com.br\/v1\/wp-json\/wp\/v2\/types\/post"}],"author":[{"embeddable":true,"href":"https:\/\/www.politicosdosuldabahia.com.br\/v1\/wp-json\/wp\/v2\/users\/991"}],"replies":[{"embeddable":true,"href":"https:\/\/www.politicosdosuldabahia.com.br\/v1\/wp-json\/wp\/v2\/comments?post=97483"}],"version-history":[{"count":2,"href":"https:\/\/www.politicosdosuldabahia.com.br\/v1\/wp-json\/wp\/v2\/posts\/97483\/revisions"}],"predecessor-version":[{"id":97529,"href":"https:\/\/www.politicosdosuldabahia.com.br\/v1\/wp-json\/wp\/v2\/posts\/97483\/revisions\/97529"}],"wp:featuredmedia":[{"embeddable":true,"href":"https:\/\/www.politicosdosuldabahia.com.br\/v1\/wp-json\/wp\/v2\/media\/97484"}],"wp:attachment":[{"href":"https:\/\/www.politicosdosuldabahia.com.br\/v1\/wp-json\/wp\/v2\/media?parent=97483"}],"wp:term":[{"taxonomy":"category","embeddable":true,"href":"https:\/\/www.politicosdosuldabahia.com.br\/v1\/wp-json\/wp\/v2\/categories?post=97483"},{"taxonomy":"post_tag","embeddable":true,"href":"https:\/\/www.politicosdosuldabahia.com.br\/v1\/wp-json\/wp\/v2\/tags?post=97483"}],"curies":[{"name":"wp","href":"https:\/\/api.w.org\/{rel}","templated":true}]}}