
{"id":97479,"date":"2017-09-26T11:01:40","date_gmt":"2017-09-26T14:01:40","guid":{"rendered":"http:\/\/www.politicosdosuldabahia.com.br\/v1\/?p=97479"},"modified":"2017-09-26T22:40:21","modified_gmt":"2017-09-27T01:40:21","slug":"barro-preto-prefeita-do-pmdb-vai-se-reunir-com-rui-costa-para-definir-apoio-em-2018","status":"publish","type":"post","link":"https:\/\/www.politicosdosuldabahia.com.br\/v1\/2017\/09\/26\/barro-preto-prefeita-do-pmdb-vai-se-reunir-com-rui-costa-para-definir-apoio-em-2018\/","title":{"rendered":"BARRO PRETO: PREFEITA DO PMDB VAI SE REUNIR COM RUI COSTA PARA DEFINIR APOIO EM 2018"},"content":{"rendered":"<p><img loading=\"lazy\" decoding=\"async\" class=\"aligncenter wp-image-90981\" src=\"http:\/\/www.politicosdosuldabahia.com.br\/v1\/wp-content\/uploads\/2017\/03\/Ana-Paula-humaniza-e-qualifica-a-sa\u00fade-de-Barro-Preto..jpg\" alt=\"Ana Paula humaniza e qualifica a sa\u00fade de Barro Preto.\" width=\"460\" height=\"306\" \/><\/p>\n<h4 style=\"text-align: justify;\">A prefeita de Barro Preto, Ana Paula (PMDB) vai se reunir na pr\u00f3xima quinta-feira com o governador Rui Costa (PT). A pauta do encontro ser\u00e1 a libera\u00e7\u00e3o de recursos para o munic\u00edpio e a poss\u00edvel composi\u00e7\u00e3o pol\u00edtica.<\/h4>\n<h4 style=\"text-align: justify;\">A prefeita vai apresentar o projeto \u00a0para a reforma do mercado municipal e um projeto \u00a0para a reforma do hospital municipal.<\/h4>\n<h4 style=\"text-align: justify;\">\u201c Meu partido pol\u00edtico \u00e9 Barro Preto, por isso estou deixando quest\u00f5es pol\u00edticas de lado para tratar de gest\u00e3o com o governador. Mas dependendo da reuni\u00e3o estarei disposta a apoiar a reelei\u00e7\u00e3o do governador Rui Costa\u201d, declarou a prefeita.<\/h4>\n<h4 style=\"text-align: justify;\">Vale lembrar que depois do esc\u00e2ndalo envolvendo o ex-ministro Geddel Vieira Lima, l\u00edder do PMDB na Bahia, o governador Rui Costa est\u00e1 intensificando reuni\u00f5es com prefeitos do partido para obter o apoio para sua reelei\u00e7\u00e3o.<\/h4>\n","protected":false},"excerpt":{"rendered":"<p>A prefeita de Barro Preto, Ana Paula (PMDB) vai se reunir na pr\u00f3xima quinta-feira com o governador Rui Costa (PT). A pauta do encontro ser\u00e1 a libera\u00e7\u00e3o de recursos para o munic\u00edpio e a poss\u00edvel composi\u00e7\u00e3o pol\u00edtica. A prefeita vai apresentar o projeto \u00a0para a reforma do mercado municipal e um projeto \u00a0para a reforma [&hellip;]<\/p>\n","protected":false},"author":2,"featured_media":90981,"comment_status":"open","ping_status":"open","sticky":false,"template":"","format":"standard","meta":{"footnotes":"","_links_to":"","_links_to_target":""},"categories":[24,1],"tags":[],"class_list":["post-97479","post","type-post","status-publish","format-standard","has-post-thumbnail","hentry","category-destaque2","category-geral"],"views":1315,"_links":{"self":[{"href":"https:\/\/www.politicosdosuldabahia.com.br\/v1\/wp-json\/wp\/v2\/posts\/97479"}],"collection":[{"href":"https:\/\/www.politicosdosuldabahia.com.br\/v1\/wp-json\/wp\/v2\/posts"}],"about":[{"href":"https:\/\/www.politicosdosuldabahia.com.br\/v1\/wp-json\/wp\/v2\/types\/post"}],"author":[{"embeddable":true,"href":"https:\/\/www.politicosdosuldabahia.com.br\/v1\/wp-json\/wp\/v2\/users\/2"}],"replies":[{"embeddable":true,"href":"https:\/\/www.politicosdosuldabahia.com.br\/v1\/wp-json\/wp\/v2\/comments?post=97479"}],"version-history":[{"count":1,"href":"https:\/\/www.politicosdosuldabahia.com.br\/v1\/wp-json\/wp\/v2\/posts\/97479\/revisions"}],"predecessor-version":[{"id":97480,"href":"https:\/\/www.politicosdosuldabahia.com.br\/v1\/wp-json\/wp\/v2\/posts\/97479\/revisions\/97480"}],"wp:featuredmedia":[{"embeddable":true,"href":"https:\/\/www.politicosdosuldabahia.com.br\/v1\/wp-json\/wp\/v2\/media\/90981"}],"wp:attachment":[{"href":"https:\/\/www.politicosdosuldabahia.com.br\/v1\/wp-json\/wp\/v2\/media?parent=97479"}],"wp:term":[{"taxonomy":"category","embeddable":true,"href":"https:\/\/www.politicosdosuldabahia.com.br\/v1\/wp-json\/wp\/v2\/categories?post=97479"},{"taxonomy":"post_tag","embeddable":true,"href":"https:\/\/www.politicosdosuldabahia.com.br\/v1\/wp-json\/wp\/v2\/tags?post=97479"}],"curies":[{"name":"wp","href":"https:\/\/api.w.org\/{rel}","templated":true}]}}