
{"id":97132,"date":"2017-09-15T00:06:01","date_gmt":"2017-09-15T03:06:01","guid":{"rendered":"http:\/\/www.politicosdosuldabahia.com.br\/v1\/?p=97132"},"modified":"2017-09-15T00:06:01","modified_gmt":"2017-09-15T03:06:01","slug":"nota-de-pesar-4","status":"publish","type":"post","link":"https:\/\/www.politicosdosuldabahia.com.br\/v1\/2017\/09\/15\/nota-de-pesar-4\/","title":{"rendered":"NOTA DE PESAR"},"content":{"rendered":"<h4 style=\"text-align: justify;\">O Sindicato dos Jornalistas Profissionais do Estado da Bahia (Sinjorba) lamenta a morte do seu associado Roberto Rabat Chame, ocorrida hoje em Ilh\u00e9us, no sul do estado. Profissional \u00e9tico, Rabat sempre trouxe consigo as marcas do jornalista solid\u00e1rio e justo, um homem firme na luta pelos interesses da coletividade. Nossa solidariedade aos seus familiares. E nosso eterno carinho \u00e0quele que fez da sua profiss\u00e3o uma imensa e intensa miss\u00e3o de vida e de amor ao trabalho.<\/h4>\n<h4 style=\"text-align: justify;\">Sindicato dos Jornalistas Profissionais do Estado da Bahia<\/h4>\n","protected":false},"excerpt":{"rendered":"<p>O Sindicato dos Jornalistas Profissionais do Estado da Bahia (Sinjorba) lamenta a morte do seu associado Roberto Rabat Chame, ocorrida hoje em Ilh\u00e9us, no sul do estado. Profissional \u00e9tico, Rabat sempre trouxe consigo as marcas do jornalista solid\u00e1rio e justo, um homem firme na luta pelos interesses da coletividade. Nossa solidariedade aos seus familiares. E [&hellip;]<\/p>\n","protected":false},"author":2,"featured_media":0,"comment_status":"open","ping_status":"open","sticky":false,"template":"","format":"standard","meta":{"footnotes":"","_links_to":"","_links_to_target":""},"categories":[1],"tags":[],"class_list":["post-97132","post","type-post","status-publish","format-standard","hentry","category-geral"],"views":720,"_links":{"self":[{"href":"https:\/\/www.politicosdosuldabahia.com.br\/v1\/wp-json\/wp\/v2\/posts\/97132"}],"collection":[{"href":"https:\/\/www.politicosdosuldabahia.com.br\/v1\/wp-json\/wp\/v2\/posts"}],"about":[{"href":"https:\/\/www.politicosdosuldabahia.com.br\/v1\/wp-json\/wp\/v2\/types\/post"}],"author":[{"embeddable":true,"href":"https:\/\/www.politicosdosuldabahia.com.br\/v1\/wp-json\/wp\/v2\/users\/2"}],"replies":[{"embeddable":true,"href":"https:\/\/www.politicosdosuldabahia.com.br\/v1\/wp-json\/wp\/v2\/comments?post=97132"}],"version-history":[{"count":1,"href":"https:\/\/www.politicosdosuldabahia.com.br\/v1\/wp-json\/wp\/v2\/posts\/97132\/revisions"}],"predecessor-version":[{"id":97133,"href":"https:\/\/www.politicosdosuldabahia.com.br\/v1\/wp-json\/wp\/v2\/posts\/97132\/revisions\/97133"}],"wp:attachment":[{"href":"https:\/\/www.politicosdosuldabahia.com.br\/v1\/wp-json\/wp\/v2\/media?parent=97132"}],"wp:term":[{"taxonomy":"category","embeddable":true,"href":"https:\/\/www.politicosdosuldabahia.com.br\/v1\/wp-json\/wp\/v2\/categories?post=97132"},{"taxonomy":"post_tag","embeddable":true,"href":"https:\/\/www.politicosdosuldabahia.com.br\/v1\/wp-json\/wp\/v2\/tags?post=97132"}],"curies":[{"name":"wp","href":"https:\/\/api.w.org\/{rel}","templated":true}]}}