
{"id":96936,"date":"2017-09-11T10:45:34","date_gmt":"2017-09-11T13:45:34","guid":{"rendered":"http:\/\/www.politicosdosuldabahia.com.br\/v1\/?p=96936"},"modified":"2017-09-11T11:15:36","modified_gmt":"2017-09-11T14:15:36","slug":"arataca-justica-eleitoral-mantem-prefeita-no-cargo","status":"publish","type":"post","link":"https:\/\/www.politicosdosuldabahia.com.br\/v1\/2017\/09\/11\/arataca-justica-eleitoral-mantem-prefeita-no-cargo\/","title":{"rendered":"ARATACA: JUSTI\u00c7A ELEITORAL MANT\u00c9M PREFEITA NO CARGO"},"content":{"rendered":"<p><img loading=\"lazy\" decoding=\"async\" class=\"aligncenter wp-image-96937\" src=\"http:\/\/www.politicosdosuldabahia.com.br\/v1\/wp-content\/uploads\/2017\/09\/luiz-1.jpg\" alt=\"luiz\" width=\"455\" height=\"324\" srcset=\"https:\/\/www.politicosdosuldabahia.com.br\/v1\/wp-content\/uploads\/2017\/09\/luiz-1.jpg 788w, https:\/\/www.politicosdosuldabahia.com.br\/v1\/wp-content\/uploads\/2017\/09\/luiz-1-300x214.jpg 300w, https:\/\/www.politicosdosuldabahia.com.br\/v1\/wp-content\/uploads\/2017\/09\/luiz-1-768x547.jpg 768w\" sizes=\"(max-width: 455px) 100vw, 455px\" \/><\/p>\n<h4 style=\"text-align: justify;\">O juiz da 166\u00aa Zona Eleitoral, Antonio Carlos Maldonado, julgou improcedente a a\u00e7\u00e3o que o ex-prefeito de Arataca, Fernando Mansur (PMDB), moveu contra a prefeita Katiana (PP).<\/h4>\n<h4 style=\"text-align: justify;\">Na a\u00e7\u00e3o, o ex-prefeito acusa a atual prefeita no per\u00edodo eleitoral fez doa\u00e7\u00e3o de material de constru\u00e7\u00e3o com o objetivo de capta\u00e7\u00e3o il\u00edcita de votos e \u201cviolaram a legalidade no processo eleitoral\u201d.<\/h4>\n<h4 style=\"text-align: justify;\">O magistrado entendeu que a prova apresentada pela den\u00fancia foi fr\u00e1gil; \u201cE n\u00e3o permite certeza quanto a efetiva capta\u00e7\u00e3o de sufr\u00e1gio, de modo que a demanda merece ser julgada improcedente\u201d.<\/h4>\n","protected":false},"excerpt":{"rendered":"<p>O juiz da 166\u00aa Zona Eleitoral, Antonio Carlos Maldonado, julgou improcedente a a\u00e7\u00e3o que o ex-prefeito de Arataca, Fernando Mansur (PMDB), moveu contra a prefeita Katiana (PP). Na a\u00e7\u00e3o, o ex-prefeito acusa a atual prefeita no per\u00edodo eleitoral fez doa\u00e7\u00e3o de material de constru\u00e7\u00e3o com o objetivo de capta\u00e7\u00e3o il\u00edcita de votos e \u201cviolaram a [&hellip;]<\/p>\n","protected":false},"author":2,"featured_media":96937,"comment_status":"open","ping_status":"open","sticky":false,"template":"","format":"standard","meta":{"footnotes":"","_links_to":"","_links_to_target":""},"categories":[24,1],"tags":[],"class_list":["post-96936","post","type-post","status-publish","format-standard","has-post-thumbnail","hentry","category-destaque2","category-geral"],"views":1474,"_links":{"self":[{"href":"https:\/\/www.politicosdosuldabahia.com.br\/v1\/wp-json\/wp\/v2\/posts\/96936"}],"collection":[{"href":"https:\/\/www.politicosdosuldabahia.com.br\/v1\/wp-json\/wp\/v2\/posts"}],"about":[{"href":"https:\/\/www.politicosdosuldabahia.com.br\/v1\/wp-json\/wp\/v2\/types\/post"}],"author":[{"embeddable":true,"href":"https:\/\/www.politicosdosuldabahia.com.br\/v1\/wp-json\/wp\/v2\/users\/2"}],"replies":[{"embeddable":true,"href":"https:\/\/www.politicosdosuldabahia.com.br\/v1\/wp-json\/wp\/v2\/comments?post=96936"}],"version-history":[{"count":1,"href":"https:\/\/www.politicosdosuldabahia.com.br\/v1\/wp-json\/wp\/v2\/posts\/96936\/revisions"}],"predecessor-version":[{"id":96938,"href":"https:\/\/www.politicosdosuldabahia.com.br\/v1\/wp-json\/wp\/v2\/posts\/96936\/revisions\/96938"}],"wp:featuredmedia":[{"embeddable":true,"href":"https:\/\/www.politicosdosuldabahia.com.br\/v1\/wp-json\/wp\/v2\/media\/96937"}],"wp:attachment":[{"href":"https:\/\/www.politicosdosuldabahia.com.br\/v1\/wp-json\/wp\/v2\/media?parent=96936"}],"wp:term":[{"taxonomy":"category","embeddable":true,"href":"https:\/\/www.politicosdosuldabahia.com.br\/v1\/wp-json\/wp\/v2\/categories?post=96936"},{"taxonomy":"post_tag","embeddable":true,"href":"https:\/\/www.politicosdosuldabahia.com.br\/v1\/wp-json\/wp\/v2\/tags?post=96936"}],"curies":[{"name":"wp","href":"https:\/\/api.w.org\/{rel}","templated":true}]}}