
{"id":96799,"date":"2017-09-05T10:38:14","date_gmt":"2017-09-05T13:38:14","guid":{"rendered":"http:\/\/www.politicosdosuldabahia.com.br\/v1\/?p=96799"},"modified":"2017-09-05T10:41:21","modified_gmt":"2017-09-05T13:41:21","slug":"itabuna-crise-na-ficc-pode-afetar-interbairros-e-jogos-estudantis","status":"publish","type":"post","link":"https:\/\/www.politicosdosuldabahia.com.br\/v1\/2017\/09\/05\/itabuna-crise-na-ficc-pode-afetar-interbairros-e-jogos-estudantis\/","title":{"rendered":"ITABUNA: CRISE NA FICC PODE AFETAR INTERBAIRROS E  JOGOS ESTUDANTIS"},"content":{"rendered":"<p><img loading=\"lazy\" decoding=\"async\" class=\"aligncenter wp-image-83609\" src=\"http:\/\/www.politicosdosuldabahia.com.br\/v1\/wp-content\/uploads\/2016\/05\/ficcccccccccccc.jpg\" alt=\"ficcccccccccccc\" width=\"460\" height=\"248\" \/><\/p>\n<h4 style=\"text-align: justify;\">A crise financeira chegou na Funda\u00e7\u00e3o Itabunense de Cultura e Cidadania (FICC), prova disso \u00e9 que algumas bandas que se apresentaram no S\u00e3o Pedro da cidade ainda n\u00e3o receberam o pagamento dos cach\u00eas.<\/h4>\n<h4 style=\"text-align: justify;\">No \u00faltimo final de semana o presidente da AAFI (Associa\u00e7\u00e3o dos \u00c1rbitros de Futebol de Itabuna), Raimundo da Silva Rodrigues, declarou que os \u00e1rbitros que atuam no Interbairros, s\u00f3 voltam atuar depois que a FICC regularizar as pend\u00eancias, principalmente a financeira.<\/h4>\n<h4 style=\"text-align: justify;\">Em virtude da situa\u00e7\u00e3o existe a possibilidade da n\u00e3o realiza\u00e7\u00e3o dos Jogos Estudantis de Itabuna, que \u00e9 uma tradi\u00e7\u00e3o na cidade e conta com a participa\u00e7\u00e3o de mais de 1.500 estudantes de 25 escolas p\u00fablicas e privadas.<\/h4>\n<h4 style=\"text-align: justify;\">O coment\u00e1rio nos bastidores do governo \u00e9 que existe uma opera\u00e7\u00e3o para \u201cfritar\u201d o presidente da FICC, Daniel Le\u00e3o.<\/h4>\n<h4 style=\"text-align: justify;\">O blog deixa o espa\u00e7o a disposi\u00e7\u00e3o para a dire\u00e7\u00e3o da FICC.<\/h4>\n","protected":false},"excerpt":{"rendered":"<p>A crise financeira chegou na Funda\u00e7\u00e3o Itabunense de Cultura e Cidadania (FICC), prova disso \u00e9 que algumas bandas que se apresentaram no S\u00e3o Pedro da cidade ainda n\u00e3o receberam o pagamento dos cach\u00eas. No \u00faltimo final de semana o presidente da AAFI (Associa\u00e7\u00e3o dos \u00c1rbitros de Futebol de Itabuna), Raimundo da Silva Rodrigues, declarou que [&hellip;]<\/p>\n","protected":false},"author":2,"featured_media":83609,"comment_status":"open","ping_status":"open","sticky":false,"template":"","format":"standard","meta":{"footnotes":"","_links_to":"","_links_to_target":""},"categories":[24,1],"tags":[],"class_list":["post-96799","post","type-post","status-publish","format-standard","has-post-thumbnail","hentry","category-destaque2","category-geral"],"views":1674,"_links":{"self":[{"href":"https:\/\/www.politicosdosuldabahia.com.br\/v1\/wp-json\/wp\/v2\/posts\/96799"}],"collection":[{"href":"https:\/\/www.politicosdosuldabahia.com.br\/v1\/wp-json\/wp\/v2\/posts"}],"about":[{"href":"https:\/\/www.politicosdosuldabahia.com.br\/v1\/wp-json\/wp\/v2\/types\/post"}],"author":[{"embeddable":true,"href":"https:\/\/www.politicosdosuldabahia.com.br\/v1\/wp-json\/wp\/v2\/users\/2"}],"replies":[{"embeddable":true,"href":"https:\/\/www.politicosdosuldabahia.com.br\/v1\/wp-json\/wp\/v2\/comments?post=96799"}],"version-history":[{"count":2,"href":"https:\/\/www.politicosdosuldabahia.com.br\/v1\/wp-json\/wp\/v2\/posts\/96799\/revisions"}],"predecessor-version":[{"id":96801,"href":"https:\/\/www.politicosdosuldabahia.com.br\/v1\/wp-json\/wp\/v2\/posts\/96799\/revisions\/96801"}],"wp:featuredmedia":[{"embeddable":true,"href":"https:\/\/www.politicosdosuldabahia.com.br\/v1\/wp-json\/wp\/v2\/media\/83609"}],"wp:attachment":[{"href":"https:\/\/www.politicosdosuldabahia.com.br\/v1\/wp-json\/wp\/v2\/media?parent=96799"}],"wp:term":[{"taxonomy":"category","embeddable":true,"href":"https:\/\/www.politicosdosuldabahia.com.br\/v1\/wp-json\/wp\/v2\/categories?post=96799"},{"taxonomy":"post_tag","embeddable":true,"href":"https:\/\/www.politicosdosuldabahia.com.br\/v1\/wp-json\/wp\/v2\/tags?post=96799"}],"curies":[{"name":"wp","href":"https:\/\/api.w.org\/{rel}","templated":true}]}}