
{"id":96795,"date":"2017-09-05T09:36:48","date_gmt":"2017-09-05T12:36:48","guid":{"rendered":"http:\/\/www.politicosdosuldabahia.com.br\/v1\/?p=96795"},"modified":"2017-09-05T10:42:08","modified_gmt":"2017-09-05T13:42:08","slug":"canavieiras-onibus-escolar-e-incendiado","status":"publish","type":"post","link":"https:\/\/www.politicosdosuldabahia.com.br\/v1\/2017\/09\/05\/canavieiras-onibus-escolar-e-incendiado\/","title":{"rendered":"CANAVIEIRAS: \u00d4NIBUS ESCOLAR \u00c9 INCENDIADO"},"content":{"rendered":"<h4 style=\"text-align: justify;\"><img loading=\"lazy\" decoding=\"async\" class=\"aligncenter wp-image-96796\" src=\"http:\/\/www.politicosdosuldabahia.com.br\/v1\/wp-content\/uploads\/2017\/09\/images.jpg\" alt=\"images\" width=\"445\" height=\"260\" srcset=\"https:\/\/www.politicosdosuldabahia.com.br\/v1\/wp-content\/uploads\/2017\/09\/images.jpg 600w, https:\/\/www.politicosdosuldabahia.com.br\/v1\/wp-content\/uploads\/2017\/09\/images-300x175.jpg 300w\" sizes=\"(max-width: 445px) 100vw, 445px\" \/><br \/>\nUm \u00f4nibus escolar foi incendiado na noite desta segunda (04) na BA 001, pr\u00f3ximo \u00e0 localidade conhecida como curva do le\u00e3o. O ve\u00edculo, era utilizado para o transporte de alunos que residem no distrito de Hermel\u00e2ndia (Ramal de Barreiras).<\/h4>\n<h4 style=\"text-align: justify;\">De acordo com informa\u00e7\u00f5es, o \u00f4nibus furou um dos pneus quando retornava ao distrito, quando os pr\u00f3prios &#8220;alunos&#8221; apedrejaram e atearam fogo no \u00f4nibus. De acordo com Cleri Costa, respons\u00e1vel pelo transporte escolar, o carro havia sido todo revisado e, at\u00e9 ent\u00e3o, nenhum problema havia ocorrido com o transporte dos estudantes daquela localidade. &#8220;Assim que o motorista me ligou, imediatamente eu fui at\u00e9 o local com um outro pneu e j\u00e1 com um outro \u00f4nibus para levar os estudantes para casa. N\u00e3o demorou trinta minutos, quando cheguei, o \u00f4nibus j\u00e1 estava em chamas&#8221;, afirmou Cleri.<\/h4>\n<h4 style=\"text-align: justify;\">A pol\u00edcia militar foi acionada e todos foram encaminhados para a delegacia de pol\u00edcia civil, mas o boletim de ocorr\u00eancia n\u00e3o p\u00f4de ser registrado, pois a delegacia estava fechada. A pol\u00edcia militar identificou todos os estudantes, que ser\u00e3o chamados para prestar esclarecimentos. Ainda de acordo com o respons\u00e1vel pelo transporte, n\u00e3o h\u00e1 um outro ve\u00edculo para a substitui\u00e7\u00e3o imediata e a empresa contratada teme enviar outro \u00f4nibus e sofra preju\u00edzos novamente. O \u00f4nibus incendiado era utilizado para o transporte de alunos dos turnos matutino, vespertino e noturno, que agora n\u00e3o poder\u00e3o comparecer \u00e0s aulas por conta deste ato de vandalismo. (Sulbahianoticias)<\/h4>\n","protected":false},"excerpt":{"rendered":"<p>Um \u00f4nibus escolar foi incendiado na noite desta segunda (04) na BA 001, pr\u00f3ximo \u00e0 localidade conhecida como curva do le\u00e3o. O ve\u00edculo, era utilizado para o transporte de alunos que residem no distrito de Hermel\u00e2ndia (Ramal de Barreiras). De acordo com informa\u00e7\u00f5es, o \u00f4nibus furou um dos pneus quando retornava ao distrito, quando os [&hellip;]<\/p>\n","protected":false},"author":991,"featured_media":96796,"comment_status":"open","ping_status":"open","sticky":false,"template":"","format":"standard","meta":{"footnotes":"","_links_to":"","_links_to_target":""},"categories":[23,1],"tags":[],"class_list":["post-96795","post","type-post","status-publish","format-standard","has-post-thumbnail","hentry","category-destaque1","category-geral"],"views":1396,"_links":{"self":[{"href":"https:\/\/www.politicosdosuldabahia.com.br\/v1\/wp-json\/wp\/v2\/posts\/96795"}],"collection":[{"href":"https:\/\/www.politicosdosuldabahia.com.br\/v1\/wp-json\/wp\/v2\/posts"}],"about":[{"href":"https:\/\/www.politicosdosuldabahia.com.br\/v1\/wp-json\/wp\/v2\/types\/post"}],"author":[{"embeddable":true,"href":"https:\/\/www.politicosdosuldabahia.com.br\/v1\/wp-json\/wp\/v2\/users\/991"}],"replies":[{"embeddable":true,"href":"https:\/\/www.politicosdosuldabahia.com.br\/v1\/wp-json\/wp\/v2\/comments?post=96795"}],"version-history":[{"count":2,"href":"https:\/\/www.politicosdosuldabahia.com.br\/v1\/wp-json\/wp\/v2\/posts\/96795\/revisions"}],"predecessor-version":[{"id":96798,"href":"https:\/\/www.politicosdosuldabahia.com.br\/v1\/wp-json\/wp\/v2\/posts\/96795\/revisions\/96798"}],"wp:featuredmedia":[{"embeddable":true,"href":"https:\/\/www.politicosdosuldabahia.com.br\/v1\/wp-json\/wp\/v2\/media\/96796"}],"wp:attachment":[{"href":"https:\/\/www.politicosdosuldabahia.com.br\/v1\/wp-json\/wp\/v2\/media?parent=96795"}],"wp:term":[{"taxonomy":"category","embeddable":true,"href":"https:\/\/www.politicosdosuldabahia.com.br\/v1\/wp-json\/wp\/v2\/categories?post=96795"},{"taxonomy":"post_tag","embeddable":true,"href":"https:\/\/www.politicosdosuldabahia.com.br\/v1\/wp-json\/wp\/v2\/tags?post=96795"}],"curies":[{"name":"wp","href":"https:\/\/api.w.org\/{rel}","templated":true}]}}