
{"id":96552,"date":"2017-08-29T10:39:30","date_gmt":"2017-08-29T13:39:30","guid":{"rendered":"http:\/\/www.politicosdosuldabahia.com.br\/v1\/?p=96552"},"modified":"2017-08-29T10:41:38","modified_gmt":"2017-08-29T13:41:38","slug":"buerarema-vereador-foi-preso-com-carro-roubado","status":"publish","type":"post","link":"https:\/\/www.politicosdosuldabahia.com.br\/v1\/2017\/08\/29\/buerarema-vereador-foi-preso-com-carro-roubado\/","title":{"rendered":"BUERAREMA: VEREADOR FOI  PRESO  COM CARRO ROUBADO"},"content":{"rendered":"<p><img loading=\"lazy\" decoding=\"async\" class=\"aligncenter wp-image-96553\" src=\"http:\/\/www.politicosdosuldabahia.com.br\/v1\/wp-content\/uploads\/2017\/08\/001-1.jpg\" alt=\"001\" width=\"500\" height=\"281\" srcset=\"https:\/\/www.politicosdosuldabahia.com.br\/v1\/wp-content\/uploads\/2017\/08\/001-1.jpg 800w, https:\/\/www.politicosdosuldabahia.com.br\/v1\/wp-content\/uploads\/2017\/08\/001-1-300x169.jpg 300w, https:\/\/www.politicosdosuldabahia.com.br\/v1\/wp-content\/uploads\/2017\/08\/001-1-768x432.jpg 768w\" sizes=\"(max-width: 500px) 100vw, 500px\" \/><\/p>\n<h4 style=\"text-align: justify;\">Na madrugada desta ter\u00e7a-feira uma equipe da Pol\u00edcia Rodovi\u00e1ria Federa localizou um carro roubado com o vereador Roque (PSDB),da cidade de Buerarema.<\/h4>\n<h4 style=\"text-align: justify;\">Durante a fiscaliza\u00e7\u00e3o os policiais descobriram que carro havia sido roubado na cidade de Serra, no Esp\u00edrito Santo, no dia 25 de novembro de 2010. As placas utilizadas na ocasi\u00e3o da abordagem eram clonadas de um outro autom\u00f3vel de caracter\u00edsticas semelhantes.<\/h4>\n<h4 style=\"text-align: justify;\">O vereador foi levado at\u00e9 ao plant\u00e3o da pol\u00edcia civil de Itabuna, pagou fian\u00e7a e vai responder o processo em liberdade. Ele alegou que tinha pegado o carro emprestado.<\/h4>\n","protected":false},"excerpt":{"rendered":"<p>Na madrugada desta ter\u00e7a-feira uma equipe da Pol\u00edcia Rodovi\u00e1ria Federa localizou um carro roubado com o vereador Roque (PSDB),da cidade de Buerarema. Durante a fiscaliza\u00e7\u00e3o os policiais descobriram que carro havia sido roubado na cidade de Serra, no Esp\u00edrito Santo, no dia 25 de novembro de 2010. As placas utilizadas na ocasi\u00e3o da abordagem eram [&hellip;]<\/p>\n","protected":false},"author":2,"featured_media":96553,"comment_status":"open","ping_status":"open","sticky":false,"template":"","format":"standard","meta":{"footnotes":"","_links_to":"","_links_to_target":""},"categories":[23,1],"tags":[],"class_list":["post-96552","post","type-post","status-publish","format-standard","has-post-thumbnail","hentry","category-destaque1","category-geral"],"views":1832,"_links":{"self":[{"href":"https:\/\/www.politicosdosuldabahia.com.br\/v1\/wp-json\/wp\/v2\/posts\/96552"}],"collection":[{"href":"https:\/\/www.politicosdosuldabahia.com.br\/v1\/wp-json\/wp\/v2\/posts"}],"about":[{"href":"https:\/\/www.politicosdosuldabahia.com.br\/v1\/wp-json\/wp\/v2\/types\/post"}],"author":[{"embeddable":true,"href":"https:\/\/www.politicosdosuldabahia.com.br\/v1\/wp-json\/wp\/v2\/users\/2"}],"replies":[{"embeddable":true,"href":"https:\/\/www.politicosdosuldabahia.com.br\/v1\/wp-json\/wp\/v2\/comments?post=96552"}],"version-history":[{"count":2,"href":"https:\/\/www.politicosdosuldabahia.com.br\/v1\/wp-json\/wp\/v2\/posts\/96552\/revisions"}],"predecessor-version":[{"id":96555,"href":"https:\/\/www.politicosdosuldabahia.com.br\/v1\/wp-json\/wp\/v2\/posts\/96552\/revisions\/96555"}],"wp:featuredmedia":[{"embeddable":true,"href":"https:\/\/www.politicosdosuldabahia.com.br\/v1\/wp-json\/wp\/v2\/media\/96553"}],"wp:attachment":[{"href":"https:\/\/www.politicosdosuldabahia.com.br\/v1\/wp-json\/wp\/v2\/media?parent=96552"}],"wp:term":[{"taxonomy":"category","embeddable":true,"href":"https:\/\/www.politicosdosuldabahia.com.br\/v1\/wp-json\/wp\/v2\/categories?post=96552"},{"taxonomy":"post_tag","embeddable":true,"href":"https:\/\/www.politicosdosuldabahia.com.br\/v1\/wp-json\/wp\/v2\/tags?post=96552"}],"curies":[{"name":"wp","href":"https:\/\/api.w.org\/{rel}","templated":true}]}}