
{"id":96419,"date":"2017-08-24T20:42:55","date_gmt":"2017-08-24T23:42:55","guid":{"rendered":"http:\/\/www.politicosdosuldabahia.com.br\/v1\/?p=96419"},"modified":"2017-08-24T20:43:16","modified_gmt":"2017-08-24T23:43:16","slug":"itarantim-carro-da-prefeitura-que-estavam-secretario-e-procuradora-pega-fogo","status":"publish","type":"post","link":"https:\/\/www.politicosdosuldabahia.com.br\/v1\/2017\/08\/24\/itarantim-carro-da-prefeitura-que-estavam-secretario-e-procuradora-pega-fogo\/","title":{"rendered":"ITARANTIM: CARRO DA PREFEITURA QUE ESTAVAM SECRET\u00c1RIO E PROCURADORA  PEGA FOGO"},"content":{"rendered":"<p><img loading=\"lazy\" decoding=\"async\" class=\"aligncenter wp-image-96420 size-full\" src=\"http:\/\/www.politicosdosuldabahia.com.br\/v1\/wp-content\/uploads\/2017\/08\/carro-itarantim-500x281.jpg\" alt=\"carro-itarantim-500x281\" width=\"500\" height=\"281\" srcset=\"https:\/\/www.politicosdosuldabahia.com.br\/v1\/wp-content\/uploads\/2017\/08\/carro-itarantim-500x281.jpg 500w, https:\/\/www.politicosdosuldabahia.com.br\/v1\/wp-content\/uploads\/2017\/08\/carro-itarantim-500x281-300x169.jpg 300w\" sizes=\"(max-width: 500px) 100vw, 500px\" \/><\/p>\n<h4 style=\"text-align: justify;\">Um carro da prefeitura de Itarantim pegou fogo na BA-263, no trecho entre Itoror\u00f3 e Itapetinga. Os ocupantes conseguiram deixar o ve\u00edculo a tempo e n\u00e3o se feriram , j\u00e1 o carro ficou completamente destru\u00eddo.<\/h4>\n<h4 style=\"text-align: justify;\">No carro estavam \u00a0o secret\u00e1rio de sa\u00fade Euvaldo Junior, e a procuradora jur\u00eddica do munic\u00edpio, Amanda.<\/h4>\n<h4 style=\"text-align: justify;\">Vale lembrar que no m\u00eas de fevereiro o prefeito Paulo Constru\u00e7\u00e3o (DEM), sofreu um acidente automobil\u00edstico no mesmo trecho da BA- 263, o prefeito estava com alguns secret\u00e1rios. <a href=\"http:\/\/www.politicosdosuldabahia.com.br\/v1\/2017\/02\/21\/itarantim-prefeito-sofre-segundo-acidente-de-carro-em-menos-de-tres-meses\/\" target=\"_blank\">Relembre aqui.<\/a><\/h4>\n","protected":false},"excerpt":{"rendered":"<p>Um carro da prefeitura de Itarantim pegou fogo na BA-263, no trecho entre Itoror\u00f3 e Itapetinga. Os ocupantes conseguiram deixar o ve\u00edculo a tempo e n\u00e3o se feriram , j\u00e1 o carro ficou completamente destru\u00eddo. No carro estavam \u00a0o secret\u00e1rio de sa\u00fade Euvaldo Junior, e a procuradora jur\u00eddica do munic\u00edpio, Amanda. Vale lembrar que no [&hellip;]<\/p>\n","protected":false},"author":2,"featured_media":96420,"comment_status":"open","ping_status":"open","sticky":false,"template":"","format":"standard","meta":{"footnotes":"","_links_to":"","_links_to_target":""},"categories":[23,1],"tags":[],"class_list":["post-96419","post","type-post","status-publish","format-standard","has-post-thumbnail","hentry","category-destaque1","category-geral"],"views":1287,"_links":{"self":[{"href":"https:\/\/www.politicosdosuldabahia.com.br\/v1\/wp-json\/wp\/v2\/posts\/96419"}],"collection":[{"href":"https:\/\/www.politicosdosuldabahia.com.br\/v1\/wp-json\/wp\/v2\/posts"}],"about":[{"href":"https:\/\/www.politicosdosuldabahia.com.br\/v1\/wp-json\/wp\/v2\/types\/post"}],"author":[{"embeddable":true,"href":"https:\/\/www.politicosdosuldabahia.com.br\/v1\/wp-json\/wp\/v2\/users\/2"}],"replies":[{"embeddable":true,"href":"https:\/\/www.politicosdosuldabahia.com.br\/v1\/wp-json\/wp\/v2\/comments?post=96419"}],"version-history":[{"count":2,"href":"https:\/\/www.politicosdosuldabahia.com.br\/v1\/wp-json\/wp\/v2\/posts\/96419\/revisions"}],"predecessor-version":[{"id":96422,"href":"https:\/\/www.politicosdosuldabahia.com.br\/v1\/wp-json\/wp\/v2\/posts\/96419\/revisions\/96422"}],"wp:featuredmedia":[{"embeddable":true,"href":"https:\/\/www.politicosdosuldabahia.com.br\/v1\/wp-json\/wp\/v2\/media\/96420"}],"wp:attachment":[{"href":"https:\/\/www.politicosdosuldabahia.com.br\/v1\/wp-json\/wp\/v2\/media?parent=96419"}],"wp:term":[{"taxonomy":"category","embeddable":true,"href":"https:\/\/www.politicosdosuldabahia.com.br\/v1\/wp-json\/wp\/v2\/categories?post=96419"},{"taxonomy":"post_tag","embeddable":true,"href":"https:\/\/www.politicosdosuldabahia.com.br\/v1\/wp-json\/wp\/v2\/tags?post=96419"}],"curies":[{"name":"wp","href":"https:\/\/api.w.org\/{rel}","templated":true}]}}