
{"id":96360,"date":"2017-08-23T14:29:54","date_gmt":"2017-08-23T17:29:54","guid":{"rendered":"http:\/\/www.politicosdosuldabahia.com.br\/v1\/?p=96360"},"modified":"2017-08-23T14:30:38","modified_gmt":"2017-08-23T17:30:38","slug":"itabuna-ppp-e-a-unica-solucao-para-funcionamento-da-upa-do-monte-cristo","status":"publish","type":"post","link":"https:\/\/www.politicosdosuldabahia.com.br\/v1\/2017\/08\/23\/itabuna-ppp-e-a-unica-solucao-para-funcionamento-da-upa-do-monte-cristo\/","title":{"rendered":"ITABUNA: PPP \u00c9 A \u00daNICA SOLU\u00c7\u00c3O PARA FUNCIONAMENTO DA UPA DO MONTE CRISTO"},"content":{"rendered":"<p><img loading=\"lazy\" decoding=\"async\" class=\"aligncenter wp-image-85605 size-full\" src=\"http:\/\/www.politicosdosuldabahia.com.br\/v1\/wp-content\/uploads\/2016\/08\/upa.jpg\" alt=\"upa\" width=\"448\" height=\"336\" srcset=\"https:\/\/www.politicosdosuldabahia.com.br\/v1\/wp-content\/uploads\/2016\/08\/upa.jpg 448w, https:\/\/www.politicosdosuldabahia.com.br\/v1\/wp-content\/uploads\/2016\/08\/upa-300x225.jpg 300w\" sizes=\"(max-width: 448px) 100vw, 448px\" \/><\/p>\n<h4 style=\"text-align: justify;\">A terceiriza\u00e7\u00e3o da gest\u00e3o da Unidade de Pronto Atendimento 24 horas do Bairro Monte Cristo, ser\u00e1 debatida nesta quarta-feira pelo Conselho Municipal de Sa\u00fade de Itabuna.<\/h4>\n<h4 style=\"text-align: justify;\">A proposta foi apresentada pela secretaria municipal de sa\u00fade, que mostrou o estudo de viabilidade da terceiriza\u00e7\u00e3o atrav\u00e9s de uma OS(Organiza\u00e7\u00f5es Sociais), \u00a0a comiss\u00e3o de sa\u00fade do conselho aprovou, dos 5 votos, 4 foram sim e uma absten\u00e7\u00e3o, mas curiosamente, ainda assim dois conselheiros se pronunciaram contra.<\/h4>\n<h4 style=\"text-align: justify;\">A UPA do bairro Monte Cristo tem previs\u00e3o para come\u00e7ar funcionar em novembro, ser\u00e3o dois m\u00e9dicos no plant\u00e3o para o atendimento mensal de aproximadamente 10 mil pessoas. Caso n\u00e3o comece a funcionar, a prefeitura ter\u00e1 que devolver o dinheiro para o governo federal.<\/h4>\n<h4 style=\"text-align: justify;\">Vale lembrar que existem experi\u00eancias a n\u00edvel de Brasil nesse sentido de PPP na sa\u00fade, prova disso que o governo do estado vai fazer o mesmo no hospital da Costa do Cacau, em Ilh\u00e9us.<\/h4>\n","protected":false},"excerpt":{"rendered":"<p>A terceiriza\u00e7\u00e3o da gest\u00e3o da Unidade de Pronto Atendimento 24 horas do Bairro Monte Cristo, ser\u00e1 debatida nesta quarta-feira pelo Conselho Municipal de Sa\u00fade de Itabuna. A proposta foi apresentada pela secretaria municipal de sa\u00fade, que mostrou o estudo de viabilidade da terceiriza\u00e7\u00e3o atrav\u00e9s de uma OS(Organiza\u00e7\u00f5es Sociais), \u00a0a comiss\u00e3o de sa\u00fade do conselho aprovou, [&hellip;]<\/p>\n","protected":false},"author":2,"featured_media":85605,"comment_status":"open","ping_status":"open","sticky":false,"template":"","format":"standard","meta":{"footnotes":"","_links_to":"","_links_to_target":""},"categories":[23,1],"tags":[],"class_list":["post-96360","post","type-post","status-publish","format-standard","has-post-thumbnail","hentry","category-destaque1","category-geral"],"views":1971,"_links":{"self":[{"href":"https:\/\/www.politicosdosuldabahia.com.br\/v1\/wp-json\/wp\/v2\/posts\/96360"}],"collection":[{"href":"https:\/\/www.politicosdosuldabahia.com.br\/v1\/wp-json\/wp\/v2\/posts"}],"about":[{"href":"https:\/\/www.politicosdosuldabahia.com.br\/v1\/wp-json\/wp\/v2\/types\/post"}],"author":[{"embeddable":true,"href":"https:\/\/www.politicosdosuldabahia.com.br\/v1\/wp-json\/wp\/v2\/users\/2"}],"replies":[{"embeddable":true,"href":"https:\/\/www.politicosdosuldabahia.com.br\/v1\/wp-json\/wp\/v2\/comments?post=96360"}],"version-history":[{"count":2,"href":"https:\/\/www.politicosdosuldabahia.com.br\/v1\/wp-json\/wp\/v2\/posts\/96360\/revisions"}],"predecessor-version":[{"id":96362,"href":"https:\/\/www.politicosdosuldabahia.com.br\/v1\/wp-json\/wp\/v2\/posts\/96360\/revisions\/96362"}],"wp:featuredmedia":[{"embeddable":true,"href":"https:\/\/www.politicosdosuldabahia.com.br\/v1\/wp-json\/wp\/v2\/media\/85605"}],"wp:attachment":[{"href":"https:\/\/www.politicosdosuldabahia.com.br\/v1\/wp-json\/wp\/v2\/media?parent=96360"}],"wp:term":[{"taxonomy":"category","embeddable":true,"href":"https:\/\/www.politicosdosuldabahia.com.br\/v1\/wp-json\/wp\/v2\/categories?post=96360"},{"taxonomy":"post_tag","embeddable":true,"href":"https:\/\/www.politicosdosuldabahia.com.br\/v1\/wp-json\/wp\/v2\/tags?post=96360"}],"curies":[{"name":"wp","href":"https:\/\/api.w.org\/{rel}","templated":true}]}}