
{"id":96357,"date":"2017-08-23T14:02:43","date_gmt":"2017-08-23T17:02:43","guid":{"rendered":"http:\/\/www.politicosdosuldabahia.com.br\/v1\/?p=96357"},"modified":"2017-08-23T14:03:40","modified_gmt":"2017-08-23T17:03:40","slug":"macarani-prefeito-pode-trocar-pmdb-por-pc-do-b","status":"publish","type":"post","link":"https:\/\/www.politicosdosuldabahia.com.br\/v1\/2017\/08\/23\/macarani-prefeito-pode-trocar-pmdb-por-pc-do-b\/","title":{"rendered":"MACARANI: PREFEITO PODE TROCAR PMDB POR PC DO B"},"content":{"rendered":"<p><img loading=\"lazy\" decoding=\"async\" class=\"aligncenter wp-image-96358 size-full\" src=\"http:\/\/www.politicosdosuldabahia.com.br\/v1\/wp-content\/uploads\/2017\/08\/miller-e-fabricio-500x375.jpg\" alt=\"miller-e-fabricio-500x375\" width=\"500\" height=\"375\" srcset=\"https:\/\/www.politicosdosuldabahia.com.br\/v1\/wp-content\/uploads\/2017\/08\/miller-e-fabricio-500x375.jpg 500w, https:\/\/www.politicosdosuldabahia.com.br\/v1\/wp-content\/uploads\/2017\/08\/miller-e-fabricio-500x375-300x225.jpg 300w\" sizes=\"(max-width: 500px) 100vw, 500px\" \/><\/p>\n<h4 style=\"text-align: justify;\">O prefeito de Mararani, Miller Ferraz, dever\u00e1 anunciar nos pr\u00f3ximos dias sua sa\u00edda do PMDB. Segundo o blogueiro Davi Ferraz, do Sudoeste Hoje, que \u00e9 primo do prefeito, existe a possibilidade do alcaide se filiar ao PC do B, a convite do deputado Fabr\u00edcio Falc\u00e3o (PC do B).<\/h4>\n<h4 style=\"text-align: justify;\">Miller Ferraz j\u00e1 tinha rompido com o deputado federal L\u00facio Vieira Lima (PMDB), e declarado apoio do deputado federal Z\u00e9 Rocha (PR). Se comprovar a sa\u00edda do PMDB, o prefeito dever\u00e1 declarar apoio ao governador Rui Costa (PT).<\/h4>\n<h4 style=\"text-align: justify;\">Vale lembrar que no m\u00eas passado o secret\u00e1rio de Desenvolvimento Econ\u00f4mico do Estado, Jaques Wagner, esteve na cidade anunciando que a f\u00e1brica de cal\u00e7ados Suzana Santos dever\u00e1 gerar at\u00e9 600 empregos na nova unidade em Macarani.<\/h4>\n","protected":false},"excerpt":{"rendered":"<p>O prefeito de Mararani, Miller Ferraz, dever\u00e1 anunciar nos pr\u00f3ximos dias sua sa\u00edda do PMDB. Segundo o blogueiro Davi Ferraz, do Sudoeste Hoje, que \u00e9 primo do prefeito, existe a possibilidade do alcaide se filiar ao PC do B, a convite do deputado Fabr\u00edcio Falc\u00e3o (PC do B). Miller Ferraz j\u00e1 tinha rompido com o [&hellip;]<\/p>\n","protected":false},"author":2,"featured_media":96358,"comment_status":"open","ping_status":"open","sticky":false,"template":"","format":"standard","meta":{"footnotes":"","_links_to":"","_links_to_target":""},"categories":[25,1],"tags":[],"class_list":["post-96357","post","type-post","status-publish","format-standard","has-post-thumbnail","hentry","category-destaque3","category-geral"],"views":1480,"_links":{"self":[{"href":"https:\/\/www.politicosdosuldabahia.com.br\/v1\/wp-json\/wp\/v2\/posts\/96357"}],"collection":[{"href":"https:\/\/www.politicosdosuldabahia.com.br\/v1\/wp-json\/wp\/v2\/posts"}],"about":[{"href":"https:\/\/www.politicosdosuldabahia.com.br\/v1\/wp-json\/wp\/v2\/types\/post"}],"author":[{"embeddable":true,"href":"https:\/\/www.politicosdosuldabahia.com.br\/v1\/wp-json\/wp\/v2\/users\/2"}],"replies":[{"embeddable":true,"href":"https:\/\/www.politicosdosuldabahia.com.br\/v1\/wp-json\/wp\/v2\/comments?post=96357"}],"version-history":[{"count":1,"href":"https:\/\/www.politicosdosuldabahia.com.br\/v1\/wp-json\/wp\/v2\/posts\/96357\/revisions"}],"predecessor-version":[{"id":96359,"href":"https:\/\/www.politicosdosuldabahia.com.br\/v1\/wp-json\/wp\/v2\/posts\/96357\/revisions\/96359"}],"wp:featuredmedia":[{"embeddable":true,"href":"https:\/\/www.politicosdosuldabahia.com.br\/v1\/wp-json\/wp\/v2\/media\/96358"}],"wp:attachment":[{"href":"https:\/\/www.politicosdosuldabahia.com.br\/v1\/wp-json\/wp\/v2\/media?parent=96357"}],"wp:term":[{"taxonomy":"category","embeddable":true,"href":"https:\/\/www.politicosdosuldabahia.com.br\/v1\/wp-json\/wp\/v2\/categories?post=96357"},{"taxonomy":"post_tag","embeddable":true,"href":"https:\/\/www.politicosdosuldabahia.com.br\/v1\/wp-json\/wp\/v2\/tags?post=96357"}],"curies":[{"name":"wp","href":"https:\/\/api.w.org\/{rel}","templated":true}]}}