
{"id":94977,"date":"2017-07-19T10:52:54","date_gmt":"2017-07-19T13:52:54","guid":{"rendered":"http:\/\/www.politicosdosuldabahia.com.br\/v1\/?p=94977"},"modified":"2017-07-19T13:59:15","modified_gmt":"2017-07-19T16:59:15","slug":"itabuna-thiago-feitosa-ou-geraldo-simoes","status":"publish","type":"post","link":"https:\/\/www.politicosdosuldabahia.com.br\/v1\/2017\/07\/19\/itabuna-thiago-feitosa-ou-geraldo-simoes\/","title":{"rendered":"ITABUNA: THIAGO FEITOSA  OU GERALDO SIM\u00d5ES?"},"content":{"rendered":"<p><img loading=\"lazy\" decoding=\"async\" class=\"aligncenter wp-image-94978\" src=\"http:\/\/www.politicosdosuldabahia.com.br\/v1\/wp-content\/uploads\/2017\/07\/conven\u00e7\u00e3o-Geraldo3.jpeg\" alt=\"conven\u00e7\u00e3o Geraldo3\" width=\"455\" height=\"371\" \/><\/p>\n<h4 style=\"text-align: justify;\">Em Itabuna o \u201cQG\u201d pol\u00edtico do ex-prefeito Geraldo Sim\u00f5es (PT) n\u00e3o definiu sobre quem ser\u00e1 o candidato a deputado estadual em 2018. Pode ser o pr\u00f3prio Geraldo ou o filho primog\u00eanito Thiago Feitosa (PSL).<\/h4>\n<h4 style=\"text-align: justify;\">Questionados sobre o assunto, dizem que ainda est\u00e1 cedo para a defini\u00e7\u00e3o: \u201ctem muita \u00e1gua para passar debaixo da ponte\u201d, comentou Thiago.<\/h4>\n<h4 style=\"text-align: justify;\">Segundo uma fonte dentro do PT, Geraldo tem mantido uma boa rela\u00e7\u00e3o com o deputado federal Nelson Pelegrino (PT), sendo que existe a possibilidade de uma dobradinha com o parlamentar. S\u00f3 falta decidir quem ser\u00e1 o candidato a deputado estadual, Geraldo ou Thiago.<\/h4>\n","protected":false},"excerpt":{"rendered":"<p>Em Itabuna o \u201cQG\u201d pol\u00edtico do ex-prefeito Geraldo Sim\u00f5es (PT) n\u00e3o definiu sobre quem ser\u00e1 o candidato a deputado estadual em 2018. Pode ser o pr\u00f3prio Geraldo ou o filho primog\u00eanito Thiago Feitosa (PSL). Questionados sobre o assunto, dizem que ainda est\u00e1 cedo para a defini\u00e7\u00e3o: \u201ctem muita \u00e1gua para passar debaixo da ponte\u201d, comentou [&hellip;]<\/p>\n","protected":false},"author":2,"featured_media":94978,"comment_status":"open","ping_status":"open","sticky":false,"template":"","format":"standard","meta":{"footnotes":"","_links_to":"","_links_to_target":""},"categories":[24,1],"tags":[],"class_list":["post-94977","post","type-post","status-publish","format-standard","has-post-thumbnail","hentry","category-destaque2","category-geral"],"views":1948,"_links":{"self":[{"href":"https:\/\/www.politicosdosuldabahia.com.br\/v1\/wp-json\/wp\/v2\/posts\/94977"}],"collection":[{"href":"https:\/\/www.politicosdosuldabahia.com.br\/v1\/wp-json\/wp\/v2\/posts"}],"about":[{"href":"https:\/\/www.politicosdosuldabahia.com.br\/v1\/wp-json\/wp\/v2\/types\/post"}],"author":[{"embeddable":true,"href":"https:\/\/www.politicosdosuldabahia.com.br\/v1\/wp-json\/wp\/v2\/users\/2"}],"replies":[{"embeddable":true,"href":"https:\/\/www.politicosdosuldabahia.com.br\/v1\/wp-json\/wp\/v2\/comments?post=94977"}],"version-history":[{"count":1,"href":"https:\/\/www.politicosdosuldabahia.com.br\/v1\/wp-json\/wp\/v2\/posts\/94977\/revisions"}],"predecessor-version":[{"id":94979,"href":"https:\/\/www.politicosdosuldabahia.com.br\/v1\/wp-json\/wp\/v2\/posts\/94977\/revisions\/94979"}],"wp:featuredmedia":[{"embeddable":true,"href":"https:\/\/www.politicosdosuldabahia.com.br\/v1\/wp-json\/wp\/v2\/media\/94978"}],"wp:attachment":[{"href":"https:\/\/www.politicosdosuldabahia.com.br\/v1\/wp-json\/wp\/v2\/media?parent=94977"}],"wp:term":[{"taxonomy":"category","embeddable":true,"href":"https:\/\/www.politicosdosuldabahia.com.br\/v1\/wp-json\/wp\/v2\/categories?post=94977"},{"taxonomy":"post_tag","embeddable":true,"href":"https:\/\/www.politicosdosuldabahia.com.br\/v1\/wp-json\/wp\/v2\/tags?post=94977"}],"curies":[{"name":"wp","href":"https:\/\/api.w.org\/{rel}","templated":true}]}}