
{"id":94836,"date":"2017-07-15T09:55:51","date_gmt":"2017-07-15T12:55:51","guid":{"rendered":"http:\/\/www.politicosdosuldabahia.com.br\/v1\/?p=94836"},"modified":"2017-07-15T10:09:21","modified_gmt":"2017-07-15T13:09:21","slug":"jussari-prefeitura-tera-que-demitir-concursados-para-ajustar-as-contas-a-lrf","status":"publish","type":"post","link":"https:\/\/www.politicosdosuldabahia.com.br\/v1\/2017\/07\/15\/jussari-prefeitura-tera-que-demitir-concursados-para-ajustar-as-contas-a-lrf\/","title":{"rendered":"JUSSARI:  PREFEITURA TER\u00c1 QUE DEMITIR CONCURSADOS PARA AJUSTAR AS CONTAS A LRF"},"content":{"rendered":"<p><img loading=\"lazy\" decoding=\"async\" class=\"aligncenter wp-image-94837\" src=\"http:\/\/www.politicosdosuldabahia.com.br\/v1\/wp-content\/uploads\/2017\/07\/IMG-20170714-WA0152.jpg\" alt=\"IMG-20170714-WA0152\" width=\"455\" height=\"256\" srcset=\"https:\/\/www.politicosdosuldabahia.com.br\/v1\/wp-content\/uploads\/2017\/07\/IMG-20170714-WA0152.jpg 1040w, https:\/\/www.politicosdosuldabahia.com.br\/v1\/wp-content\/uploads\/2017\/07\/IMG-20170714-WA0152-300x169.jpg 300w, https:\/\/www.politicosdosuldabahia.com.br\/v1\/wp-content\/uploads\/2017\/07\/IMG-20170714-WA0152-768x432.jpg 768w, https:\/\/www.politicosdosuldabahia.com.br\/v1\/wp-content\/uploads\/2017\/07\/IMG-20170714-WA0152-1024x576.jpg 1024w\" sizes=\"(max-width: 455px) 100vw, 455px\" \/><\/p>\n<h4 style=\"text-align: justify;\">Em um ato de responsabilidade e transpar\u00eancia, o Prefeito Antonio Valete, reuniu-se com todo o quadro de funcion\u00e1rios da Prefeitura Municipal de Jussari, a fim de apresentar e prestar contas sobre a receita corrente liquida do munic\u00edpio.<\/h4>\n<h4 style=\"text-align: justify;\">O gestor apresentou de forma clara a arrecada\u00e7\u00e3o do munic\u00edpio de janeiro a maio, e onde est\u00e3o sendo aplicados esses valores, dando destaque ao gasto com pessoal que esta excedendo o limite prudencial imposto pela Lei de Responsabilidade Fiscal (LRF), aproximadamente 84%, quando o permitido pela LRF seria o m\u00e1ximo 54%.<\/h4>\n<h4 style=\"text-align: justify;\">Segundo o Prefeito Antonio Valete, o excesso de gasto com o \u00edndice de pessoal \u00e9 um problema que o munic\u00edpio de Jussari enfrenta desde a \u00faltima d\u00e9cada do s\u00e9culo passado, e foi aumentando gradativamente com o passar dos anos, uma vez que a cidade foi projetada no apogeu do cacau, quando o munic\u00edpio tinha em torno de 20 mil habitantes.<\/h4>\n<h4 style=\"text-align: justify;\">Portanto necessitava de grande estrutura f\u00edsica. (01 hospital de m\u00e9dio porte, 02 creches, 05 escolas de porte m\u00e9dio, 03 unidades b\u00e1sicas de sa\u00fade, 02 cras 01 CEAM. Todas essas estruturas demandam m\u00e3o de obra, o que ocasionou a necessidade de realiza\u00e7\u00f5es de v\u00e1rios concursos p\u00fablicos. Essa \u00e9 uma problem\u00e1tica que os prefeitos anteriores j\u00e1 vinham enfrentando, pois o n\u00famero de efetivos no munic\u00edpio j\u00e1 extrapola o \u00edndice permitido pela Lei de Responsabilidade Fiscal.<\/h4>\n<h4 style=\"text-align: justify;\">Valete anunciou que ser\u00e1 preciso tomar medidas amargas, para enfrentar esse momento de crise que o munic\u00edpio passa. Enxugar a folha o mais breve poss\u00edvel para se enquadrar a lei, suspender contratos, cortar 20% de cargos comissionados, aniquilar gratifica\u00e7\u00f5es e quaisquer vantagens para os servidores, e caso as medidas tomadas o munic\u00edpio n\u00e3o se enquadrar a lei, poder\u00e1 ocorrer demiss\u00e3o de funcion\u00e1rios concursados se necess\u00e1rio. Acesse o Portal da Transpar\u00eancia. \u00c9 um canal pelo qual o cidad\u00e3o pode acompanhar a utiliza\u00e7\u00e3o dos recursos arrecadados.<\/h4>\n","protected":false},"excerpt":{"rendered":"<p>Em um ato de responsabilidade e transpar\u00eancia, o Prefeito Antonio Valete, reuniu-se com todo o quadro de funcion\u00e1rios da Prefeitura Municipal de Jussari, a fim de apresentar e prestar contas sobre a receita corrente liquida do munic\u00edpio. O gestor apresentou de forma clara a arrecada\u00e7\u00e3o do munic\u00edpio de janeiro a maio, e onde est\u00e3o sendo [&hellip;]<\/p>\n","protected":false},"author":2,"featured_media":94837,"comment_status":"open","ping_status":"open","sticky":false,"template":"","format":"standard","meta":{"footnotes":"","_links_to":"","_links_to_target":""},"categories":[23,1],"tags":[],"class_list":["post-94836","post","type-post","status-publish","format-standard","has-post-thumbnail","hentry","category-destaque1","category-geral"],"views":7721,"_links":{"self":[{"href":"https:\/\/www.politicosdosuldabahia.com.br\/v1\/wp-json\/wp\/v2\/posts\/94836"}],"collection":[{"href":"https:\/\/www.politicosdosuldabahia.com.br\/v1\/wp-json\/wp\/v2\/posts"}],"about":[{"href":"https:\/\/www.politicosdosuldabahia.com.br\/v1\/wp-json\/wp\/v2\/types\/post"}],"author":[{"embeddable":true,"href":"https:\/\/www.politicosdosuldabahia.com.br\/v1\/wp-json\/wp\/v2\/users\/2"}],"replies":[{"embeddable":true,"href":"https:\/\/www.politicosdosuldabahia.com.br\/v1\/wp-json\/wp\/v2\/comments?post=94836"}],"version-history":[{"count":2,"href":"https:\/\/www.politicosdosuldabahia.com.br\/v1\/wp-json\/wp\/v2\/posts\/94836\/revisions"}],"predecessor-version":[{"id":94839,"href":"https:\/\/www.politicosdosuldabahia.com.br\/v1\/wp-json\/wp\/v2\/posts\/94836\/revisions\/94839"}],"wp:featuredmedia":[{"embeddable":true,"href":"https:\/\/www.politicosdosuldabahia.com.br\/v1\/wp-json\/wp\/v2\/media\/94837"}],"wp:attachment":[{"href":"https:\/\/www.politicosdosuldabahia.com.br\/v1\/wp-json\/wp\/v2\/media?parent=94836"}],"wp:term":[{"taxonomy":"category","embeddable":true,"href":"https:\/\/www.politicosdosuldabahia.com.br\/v1\/wp-json\/wp\/v2\/categories?post=94836"},{"taxonomy":"post_tag","embeddable":true,"href":"https:\/\/www.politicosdosuldabahia.com.br\/v1\/wp-json\/wp\/v2\/tags?post=94836"}],"curies":[{"name":"wp","href":"https:\/\/api.w.org\/{rel}","templated":true}]}}