
{"id":94753,"date":"2017-07-13T12:40:18","date_gmt":"2017-07-13T15:40:18","guid":{"rendered":"http:\/\/www.politicosdosuldabahia.com.br\/v1\/?p=94753"},"modified":"2017-07-13T22:40:55","modified_gmt":"2017-07-14T01:40:55","slug":"itabuna-casas-bahia-coloca-saude-de-clientes-e-funcionarios-em-risco","status":"publish","type":"post","link":"https:\/\/www.politicosdosuldabahia.com.br\/v1\/2017\/07\/13\/itabuna-casas-bahia-coloca-saude-de-clientes-e-funcionarios-em-risco\/","title":{"rendered":"ITABUNA: CASAS BAHIA COLOCA SA\u00daDE DE CLIENTES E FUNCION\u00c1RIOS EM RISCO"},"content":{"rendered":"<p><img loading=\"lazy\" decoding=\"async\" class=\"aligncenter wp-image-94754 size-full\" src=\"http:\/\/www.politicosdosuldabahia.com.br\/v1\/wp-content\/uploads\/2017\/07\/WhatsApp-Image-2017-07-12-at-17.24.12.jpeg\" alt=\"WhatsApp Image 2017-07-12 at 17.24.12\" width=\"252\" height=\"448\" srcset=\"https:\/\/www.politicosdosuldabahia.com.br\/v1\/wp-content\/uploads\/2017\/07\/WhatsApp-Image-2017-07-12-at-17.24.12.jpeg 252w, https:\/\/www.politicosdosuldabahia.com.br\/v1\/wp-content\/uploads\/2017\/07\/WhatsApp-Image-2017-07-12-at-17.24.12-169x300.jpeg 169w\" sizes=\"(max-width: 252px) 100vw, 252px\" \/><\/p>\n<h4 style=\"text-align: justify;\">Trabalhadores e clientes das Casas Bahia est\u00e3o sendo v\u00edtimas da falta de respeito da administra\u00e7\u00e3o local. Sem nenhuma preocupa\u00e7\u00e3o com a sa\u00fade de quem lhe d\u00e1 lucro, a empresa est\u00e1 fazendo uma reforma em suas instala\u00e7\u00f5es durante o hor\u00e1rio comercial, ou seja: clientes e funcion\u00e1rios ficam expostos \u00e0 poeira, ao forte cheiro de tinta, cimento, sujeira, etc.<\/h4>\n<h4 style=\"text-align: justify;\">\u201c\u00c9 um absurdo que as Casas Bahia tratem os trabalhadores e at\u00e9 mesmo seus clientes desta maneira. Reformas em estabelecimentos comerciais devem ser feitas pela noite e no final de semana, quando a loja est\u00e1 fechada\u201d, reclamou Gilson Costa, diretor do Sindicato dos Comerci\u00e1rios de Itabuna.<\/h4>\n<h4 style=\"text-align: justify;\">O Sindicato dos Comerci\u00e1rios de Itabuna repudia o comportamento das Casas Bahia e solicitar\u00e1 uma vistoria do Cerest (Centro de Refer\u00eancia em Sa\u00fade do Trabalhador) no local, al\u00e9m de encaminhar den\u00fancia ao Minist\u00e9rio do P\u00fablico do Trabalho.<\/h4>\n","protected":false},"excerpt":{"rendered":"<p>Trabalhadores e clientes das Casas Bahia est\u00e3o sendo v\u00edtimas da falta de respeito da administra\u00e7\u00e3o local. Sem nenhuma preocupa\u00e7\u00e3o com a sa\u00fade de quem lhe d\u00e1 lucro, a empresa est\u00e1 fazendo uma reforma em suas instala\u00e7\u00f5es durante o hor\u00e1rio comercial, ou seja: clientes e funcion\u00e1rios ficam expostos \u00e0 poeira, ao forte cheiro de tinta, cimento, [&hellip;]<\/p>\n","protected":false},"author":2,"featured_media":94754,"comment_status":"open","ping_status":"open","sticky":false,"template":"","format":"standard","meta":{"footnotes":"","_links_to":"","_links_to_target":""},"categories":[24,1],"tags":[],"class_list":["post-94753","post","type-post","status-publish","format-standard","has-post-thumbnail","hentry","category-destaque2","category-geral"],"views":1260,"_links":{"self":[{"href":"https:\/\/www.politicosdosuldabahia.com.br\/v1\/wp-json\/wp\/v2\/posts\/94753"}],"collection":[{"href":"https:\/\/www.politicosdosuldabahia.com.br\/v1\/wp-json\/wp\/v2\/posts"}],"about":[{"href":"https:\/\/www.politicosdosuldabahia.com.br\/v1\/wp-json\/wp\/v2\/types\/post"}],"author":[{"embeddable":true,"href":"https:\/\/www.politicosdosuldabahia.com.br\/v1\/wp-json\/wp\/v2\/users\/2"}],"replies":[{"embeddable":true,"href":"https:\/\/www.politicosdosuldabahia.com.br\/v1\/wp-json\/wp\/v2\/comments?post=94753"}],"version-history":[{"count":1,"href":"https:\/\/www.politicosdosuldabahia.com.br\/v1\/wp-json\/wp\/v2\/posts\/94753\/revisions"}],"predecessor-version":[{"id":94755,"href":"https:\/\/www.politicosdosuldabahia.com.br\/v1\/wp-json\/wp\/v2\/posts\/94753\/revisions\/94755"}],"wp:featuredmedia":[{"embeddable":true,"href":"https:\/\/www.politicosdosuldabahia.com.br\/v1\/wp-json\/wp\/v2\/media\/94754"}],"wp:attachment":[{"href":"https:\/\/www.politicosdosuldabahia.com.br\/v1\/wp-json\/wp\/v2\/media?parent=94753"}],"wp:term":[{"taxonomy":"category","embeddable":true,"href":"https:\/\/www.politicosdosuldabahia.com.br\/v1\/wp-json\/wp\/v2\/categories?post=94753"},{"taxonomy":"post_tag","embeddable":true,"href":"https:\/\/www.politicosdosuldabahia.com.br\/v1\/wp-json\/wp\/v2\/tags?post=94753"}],"curies":[{"name":"wp","href":"https:\/\/api.w.org\/{rel}","templated":true}]}}