
{"id":93598,"date":"2017-06-12T23:11:21","date_gmt":"2017-06-13T02:11:21","guid":{"rendered":"http:\/\/www.politicosdosuldabahia.com.br\/v1\/?p=93598"},"modified":"2017-06-12T23:11:21","modified_gmt":"2017-06-13T02:11:21","slug":"ilheus-ex-secretario-jorge-bahia-foi-condenado-pela-justica-federal","status":"publish","type":"post","link":"https:\/\/www.politicosdosuldabahia.com.br\/v1\/2017\/06\/12\/ilheus-ex-secretario-jorge-bahia-foi-condenado-pela-justica-federal\/","title":{"rendered":"ILH\u00c9US: EX-SECRET\u00c1RIO JORGE BAHIA FOI CONDENADO PELA JUSTI\u00c7A FEDERAL"},"content":{"rendered":"<h4 style=\"text-align: justify;\"><img loading=\"lazy\" decoding=\"async\" class=\"aligncenter wp-image-93599\" src=\"http:\/\/www.politicosdosuldabahia.com.br\/v1\/wp-content\/uploads\/2017\/06\/bah.jpg\" alt=\"bah\" width=\"400\" height=\"524\" \/><br \/>\nO juiz federal da Subse\u00e7\u00e3o Judici\u00e1ria de Ilh\u00e9us Lincoln Pinheiro Costa, condenou Jorge Augusto Bahia, ex-secret\u00e1rio da Fazenda de Ilh\u00e9us, ao pagamento de R$ 38 mil por danos morais, a serem corrigidos, multa equivalente a 50 remunera\u00e7\u00f5es do cargo de chefe de gabinete do prefeito de Ilh\u00e9us, ou cargo equivalente, vigente na data da execu\u00e7\u00e3o da senten\u00e7a, perda da fun\u00e7\u00e3o p\u00fablica, suspens\u00e3o dos direitos pol\u00edticos por quatro anos e proibi\u00e7\u00e3o de contratar com o Poder P\u00fablico por tr\u00eas anos.<\/h4>\n<h4 style=\"text-align: justify;\">Quando era chefe de gabinete da prefeitura de Ilh\u00e9us, o r\u00e9u lan\u00e7ou preg\u00e3o visando \u00e0 contrata\u00e7\u00e3o de empresa fornecedora de computadores para a Secretaria de Assist\u00eancia Social. A empresa vencedora tinha como s\u00f3cia empregada dom\u00e9stica analfabeta com o mesmo endere\u00e7o do r\u00e9u, que j\u00e1 fora s\u00f3cio da empresa e que apresentava em suas notas fiscais o telefone residencial do r\u00e9u entre outras irregularidades.<\/h4>\n<h4 style=\"text-align: justify;\">Alegou o autor que a conduta \u00edmproba do r\u00e9u tamb\u00e9m importou em dano moral coletivo, pois contribuiu para o descr\u00e9dito da popula\u00e7\u00e3o de Ilh\u00e9us para com a capacidade estatal de administrar a coisa p\u00fablica com zelo e \u00e9tica. Os fatos apurados no procedimento administrativo conclu\u00edram que o r\u00e9u era o s\u00f3cio de fato da empresa, valendo- -se da empregada dom\u00e9stica para burlar a proibi\u00e7\u00e3o do art. 9\u00ba, da Lei n\u00ba 8.666\/93.<\/h4>\n<h4 style=\"text-align: justify;\">Segundo a senten\u00e7a, \u201cEsses fatos, incompat\u00edveis com o modo usual de se desenvolver uma atividade comercial, levam \u00e0 conclus\u00e3o de que o r\u00e9u sempre foi o dono da empresa, tendo operado as altera\u00e7\u00f5es societ\u00e1rias com o fito de burlar a proibi\u00e7\u00e3o da lei de licita\u00e7\u00f5es e tal conduta amolda-se \u00e0 figura t\u00edpica descrita no art. 11, caput, da LIA, pois a a\u00e7\u00e3o praticada revela o dolo de violar os deveres de honestidade e legalidade, que devem nortear a conduta dos agentes p\u00fablicos\u201d.<\/h4>\n","protected":false},"excerpt":{"rendered":"<p>O juiz federal da Subse\u00e7\u00e3o Judici\u00e1ria de Ilh\u00e9us Lincoln Pinheiro Costa, condenou Jorge Augusto Bahia, ex-secret\u00e1rio da Fazenda de Ilh\u00e9us, ao pagamento de R$ 38 mil por danos morais, a serem corrigidos, multa equivalente a 50 remunera\u00e7\u00f5es do cargo de chefe de gabinete do prefeito de Ilh\u00e9us, ou cargo equivalente, vigente na data da execu\u00e7\u00e3o [&hellip;]<\/p>\n","protected":false},"author":2,"featured_media":0,"comment_status":"open","ping_status":"open","sticky":false,"template":"","format":"standard","meta":{"footnotes":"","_links_to":"","_links_to_target":""},"categories":[1],"tags":[],"class_list":["post-93598","post","type-post","status-publish","format-standard","hentry","category-geral"],"views":4946,"_links":{"self":[{"href":"https:\/\/www.politicosdosuldabahia.com.br\/v1\/wp-json\/wp\/v2\/posts\/93598"}],"collection":[{"href":"https:\/\/www.politicosdosuldabahia.com.br\/v1\/wp-json\/wp\/v2\/posts"}],"about":[{"href":"https:\/\/www.politicosdosuldabahia.com.br\/v1\/wp-json\/wp\/v2\/types\/post"}],"author":[{"embeddable":true,"href":"https:\/\/www.politicosdosuldabahia.com.br\/v1\/wp-json\/wp\/v2\/users\/2"}],"replies":[{"embeddable":true,"href":"https:\/\/www.politicosdosuldabahia.com.br\/v1\/wp-json\/wp\/v2\/comments?post=93598"}],"version-history":[{"count":2,"href":"https:\/\/www.politicosdosuldabahia.com.br\/v1\/wp-json\/wp\/v2\/posts\/93598\/revisions"}],"predecessor-version":[{"id":93601,"href":"https:\/\/www.politicosdosuldabahia.com.br\/v1\/wp-json\/wp\/v2\/posts\/93598\/revisions\/93601"}],"wp:attachment":[{"href":"https:\/\/www.politicosdosuldabahia.com.br\/v1\/wp-json\/wp\/v2\/media?parent=93598"}],"wp:term":[{"taxonomy":"category","embeddable":true,"href":"https:\/\/www.politicosdosuldabahia.com.br\/v1\/wp-json\/wp\/v2\/categories?post=93598"},{"taxonomy":"post_tag","embeddable":true,"href":"https:\/\/www.politicosdosuldabahia.com.br\/v1\/wp-json\/wp\/v2\/tags?post=93598"}],"curies":[{"name":"wp","href":"https:\/\/api.w.org\/{rel}","templated":true}]}}