
{"id":93318,"date":"2017-06-06T11:05:00","date_gmt":"2017-06-06T14:05:00","guid":{"rendered":"http:\/\/www.politicosdosuldabahia.com.br\/v1\/?p=93318"},"modified":"2017-06-06T22:37:06","modified_gmt":"2017-06-07T01:37:06","slug":"itapetinga-homicidas-presos-durante-a-operacao-vilas","status":"publish","type":"post","link":"https:\/\/www.politicosdosuldabahia.com.br\/v1\/2017\/06\/06\/itapetinga-homicidas-presos-durante-a-operacao-vilas\/","title":{"rendered":"ITAPETINGA: HOMICIDAS PRESOS DURANTE A \u201cOPERA\u00c7\u00c3O VILAS\u201d"},"content":{"rendered":"<h4 style=\"text-align: justify;\"><a href=\"http:\/\/www.politicosdosuldabahia.com.br\/v1\/wp-content\/uploads\/2017\/06\/2d2a3632-05e3-4b7f-af12-4e20455d1f06.jpe\"><img loading=\"lazy\" decoding=\"async\" class=\"aligncenter wp-image-93319\" src=\"http:\/\/www.politicosdosuldabahia.com.br\/v1\/wp-content\/uploads\/2017\/06\/2d2a3632-05e3-4b7f-af12-4e20455d1f06.jpe\" alt=\"2d2a3632-05e3-4b7f-af12-4e20455d1f06\" width=\"445\" height=\"250\" srcset=\"https:\/\/www.politicosdosuldabahia.com.br\/v1\/wp-content\/uploads\/2017\/06\/2d2a3632-05e3-4b7f-af12-4e20455d1f06.jpe 1280w, https:\/\/www.politicosdosuldabahia.com.br\/v1\/wp-content\/uploads\/2017\/06\/2d2a3632-05e3-4b7f-af12-4e20455d1f06-300x169.jpe 300w, https:\/\/www.politicosdosuldabahia.com.br\/v1\/wp-content\/uploads\/2017\/06\/2d2a3632-05e3-4b7f-af12-4e20455d1f06-768x432.jpe 768w, https:\/\/www.politicosdosuldabahia.com.br\/v1\/wp-content\/uploads\/2017\/06\/2d2a3632-05e3-4b7f-af12-4e20455d1f06-1024x576.jpe 1024w\" sizes=\"(max-width: 445px) 100vw, 445px\" \/><\/a><br \/>\nA Pol\u00edcia Civil de Itapetinga deflagrou no final da tarde de segunda (05) e manh\u00e3 desta ter\u00e7a-feira (06) uma opera\u00e7\u00e3o para dar cumprimentos a mandados de pris\u00e3o e apreens\u00e3o em alvos envolvidos em homic\u00eddios espalhados pelas vilas. A a\u00e7\u00e3o, denominada \u201cOpera\u00e7\u00e3o Vilas\u201d, contou com um grande aparato de viaturas e policiais civis.<br \/>\nO coordenador regional Roberto J\u00fanior, o delegado titular Irineu Andrade, e o delegado plantonista Thiago Pessoa, estiveram \u00e0 frente das equipes.<\/h4>\n<h4 style=\"text-align: justify;\">Foram presos Alaelton de Jesus Martins, vulgo Longuinha, Jo\u00e3o Vitor Queiroz de Jesus, vulgo Fedor. Eles s\u00e3o acusados de terem matado e escondido o corpo do jovem Anderson Oliveira de Almeida, conhecido por Dudu, no m\u00eas de maio do corrente ano. Ainda no curso da opera\u00e7\u00e3o, os policiais prenderam em flagrante Jo\u00e3o Icaro Soares de Sousa, com 20 pipetas com coca\u00edna. Ele estava em uma casa no Residencial Hilda Gama (Portelinha).<\/h4>\n<h4 style=\"text-align: justify;\">Suspeito de envolvimento na morte de Fl\u00e1vio Santos Souza, o Flavinho, fato ocorrido na noite de 22 de maio deste ano, os policiais civis conduziram Adson Fonseca de Jesus. Com ele, foram apreendidos um pino de crack e uma bucha de maconha.<\/h4>\n","protected":false},"excerpt":{"rendered":"<p>A Pol\u00edcia Civil de Itapetinga deflagrou no final da tarde de segunda (05) e manh\u00e3 desta ter\u00e7a-feira (06) uma opera\u00e7\u00e3o para dar cumprimentos a mandados de pris\u00e3o e apreens\u00e3o em alvos envolvidos em homic\u00eddios espalhados pelas vilas. A a\u00e7\u00e3o, denominada \u201cOpera\u00e7\u00e3o Vilas\u201d, contou com um grande aparato de viaturas e policiais civis. O coordenador regional [&hellip;]<\/p>\n","protected":false},"author":991,"featured_media":93319,"comment_status":"open","ping_status":"open","sticky":false,"template":"","format":"standard","meta":{"footnotes":"","_links_to":"","_links_to_target":""},"categories":[24,1],"tags":[],"class_list":["post-93318","post","type-post","status-publish","format-standard","has-post-thumbnail","hentry","category-destaque2","category-geral"],"views":2981,"_links":{"self":[{"href":"https:\/\/www.politicosdosuldabahia.com.br\/v1\/wp-json\/wp\/v2\/posts\/93318"}],"collection":[{"href":"https:\/\/www.politicosdosuldabahia.com.br\/v1\/wp-json\/wp\/v2\/posts"}],"about":[{"href":"https:\/\/www.politicosdosuldabahia.com.br\/v1\/wp-json\/wp\/v2\/types\/post"}],"author":[{"embeddable":true,"href":"https:\/\/www.politicosdosuldabahia.com.br\/v1\/wp-json\/wp\/v2\/users\/991"}],"replies":[{"embeddable":true,"href":"https:\/\/www.politicosdosuldabahia.com.br\/v1\/wp-json\/wp\/v2\/comments?post=93318"}],"version-history":[{"count":3,"href":"https:\/\/www.politicosdosuldabahia.com.br\/v1\/wp-json\/wp\/v2\/posts\/93318\/revisions"}],"predecessor-version":[{"id":93361,"href":"https:\/\/www.politicosdosuldabahia.com.br\/v1\/wp-json\/wp\/v2\/posts\/93318\/revisions\/93361"}],"wp:featuredmedia":[{"embeddable":true,"href":"https:\/\/www.politicosdosuldabahia.com.br\/v1\/wp-json\/wp\/v2\/media\/93319"}],"wp:attachment":[{"href":"https:\/\/www.politicosdosuldabahia.com.br\/v1\/wp-json\/wp\/v2\/media?parent=93318"}],"wp:term":[{"taxonomy":"category","embeddable":true,"href":"https:\/\/www.politicosdosuldabahia.com.br\/v1\/wp-json\/wp\/v2\/categories?post=93318"},{"taxonomy":"post_tag","embeddable":true,"href":"https:\/\/www.politicosdosuldabahia.com.br\/v1\/wp-json\/wp\/v2\/tags?post=93318"}],"curies":[{"name":"wp","href":"https:\/\/api.w.org\/{rel}","templated":true}]}}