
{"id":93154,"date":"2017-06-01T12:39:33","date_gmt":"2017-06-01T15:39:33","guid":{"rendered":"http:\/\/www.politicosdosuldabahia.com.br\/v1\/?p=93154"},"modified":"2017-06-01T21:38:49","modified_gmt":"2017-06-02T00:38:49","slug":"iguai-tse-mantem-prefeito-rony-no-cargo","status":"publish","type":"post","link":"https:\/\/www.politicosdosuldabahia.com.br\/v1\/2017\/06\/01\/iguai-tse-mantem-prefeito-rony-no-cargo\/","title":{"rendered":"IGUA\u00cd: TSE MANT\u00c9M PREFEITO RONY NO CARGO"},"content":{"rendered":"<p><img loading=\"lazy\" decoding=\"async\" class=\"aligncenter wp-image-93155\" src=\"http:\/\/www.politicosdosuldabahia.com.br\/v1\/wp-content\/uploads\/2017\/06\/tse.jpg\" alt=\"tse\" width=\"455\" height=\"516\" srcset=\"https:\/\/www.politicosdosuldabahia.com.br\/v1\/wp-content\/uploads\/2017\/06\/tse.jpg 402w, https:\/\/www.politicosdosuldabahia.com.br\/v1\/wp-content\/uploads\/2017\/06\/tse-264x300.jpg 264w\" sizes=\"(max-width: 455px) 100vw, 455px\" \/><\/p>\n<h4 style=\"text-align: justify;\">Nesta quarta-feira o ministro do Tribunal Superior Eleitoral (TSE), Napole\u00e3o Nunes, julgou o recurso contra o deferimento do registro de candidatura do prefeito de Igua\u00ed, Rony Moitinho (PSD). A alega\u00e7\u00e3o era que o prefeito teve contas rejeitadas pela c\u00e2mara de vereadores e por conta disso n\u00e3o poderia ser candidato a prefeito.<\/h4>\n<h4 style=\"text-align: justify;\">O renomado advogado Sidiney Neves, apresentou a defesa e o ministro Napole\u00e3o Nunes publicou a sua decis\u00e3o, ratificando a decis\u00e3o do Tribunal Superior Eleitoral, na qual em 2016 deferiu o registro de candidatura de Rony:<\/h4>\n<h4 style=\"text-align: justify;\">\u201c Antes do julgamento a c\u00e2mara de vereadores anulou o processo e os decretos que julgaram irregulares as contas de Rony. Com a decis\u00e3o do TSE ele n\u00e3o corre nenhum risco de ser cassado\u201d, declarou o advogado.<\/h4>\n","protected":false},"excerpt":{"rendered":"<p>Nesta quarta-feira o ministro do Tribunal Superior Eleitoral (TSE), Napole\u00e3o Nunes, julgou o recurso contra o deferimento do registro de candidatura do prefeito de Igua\u00ed, Rony Moitinho (PSD). A alega\u00e7\u00e3o era que o prefeito teve contas rejeitadas pela c\u00e2mara de vereadores e por conta disso n\u00e3o poderia ser candidato a prefeito. O renomado advogado Sidiney [&hellip;]<\/p>\n","protected":false},"author":2,"featured_media":93155,"comment_status":"open","ping_status":"open","sticky":false,"template":"","format":"standard","meta":{"footnotes":"","_links_to":"","_links_to_target":""},"categories":[24,1],"tags":[],"class_list":["post-93154","post","type-post","status-publish","format-standard","has-post-thumbnail","hentry","category-destaque2","category-geral"],"views":2392,"_links":{"self":[{"href":"https:\/\/www.politicosdosuldabahia.com.br\/v1\/wp-json\/wp\/v2\/posts\/93154"}],"collection":[{"href":"https:\/\/www.politicosdosuldabahia.com.br\/v1\/wp-json\/wp\/v2\/posts"}],"about":[{"href":"https:\/\/www.politicosdosuldabahia.com.br\/v1\/wp-json\/wp\/v2\/types\/post"}],"author":[{"embeddable":true,"href":"https:\/\/www.politicosdosuldabahia.com.br\/v1\/wp-json\/wp\/v2\/users\/2"}],"replies":[{"embeddable":true,"href":"https:\/\/www.politicosdosuldabahia.com.br\/v1\/wp-json\/wp\/v2\/comments?post=93154"}],"version-history":[{"count":1,"href":"https:\/\/www.politicosdosuldabahia.com.br\/v1\/wp-json\/wp\/v2\/posts\/93154\/revisions"}],"predecessor-version":[{"id":93156,"href":"https:\/\/www.politicosdosuldabahia.com.br\/v1\/wp-json\/wp\/v2\/posts\/93154\/revisions\/93156"}],"wp:featuredmedia":[{"embeddable":true,"href":"https:\/\/www.politicosdosuldabahia.com.br\/v1\/wp-json\/wp\/v2\/media\/93155"}],"wp:attachment":[{"href":"https:\/\/www.politicosdosuldabahia.com.br\/v1\/wp-json\/wp\/v2\/media?parent=93154"}],"wp:term":[{"taxonomy":"category","embeddable":true,"href":"https:\/\/www.politicosdosuldabahia.com.br\/v1\/wp-json\/wp\/v2\/categories?post=93154"},{"taxonomy":"post_tag","embeddable":true,"href":"https:\/\/www.politicosdosuldabahia.com.br\/v1\/wp-json\/wp\/v2\/tags?post=93154"}],"curies":[{"name":"wp","href":"https:\/\/api.w.org\/{rel}","templated":true}]}}