
{"id":93078,"date":"2017-05-30T18:51:08","date_gmt":"2017-05-30T21:51:08","guid":{"rendered":"http:\/\/www.politicosdosuldabahia.com.br\/v1\/?p=93078"},"modified":"2017-05-31T18:13:26","modified_gmt":"2017-05-31T21:13:26","slug":"ilheus-por-unanimidade-desembargadores-mantem-vereador-preso","status":"publish","type":"post","link":"https:\/\/www.politicosdosuldabahia.com.br\/v1\/2017\/05\/30\/ilheus-por-unanimidade-desembargadores-mantem-vereador-preso\/","title":{"rendered":"ILH\u00c9US: POR UNANIMIDADE DESEMBARGADORES MANT\u00c9M VEREADOR PRESO"},"content":{"rendered":"<p><img loading=\"lazy\" decoding=\"async\" class=\"aligncenter wp-image-93079\" src=\"http:\/\/www.politicosdosuldabahia.com.br\/v1\/wp-content\/uploads\/2017\/05\/jam.jpg\" alt=\"jam\" width=\"455\" height=\"341\" srcset=\"https:\/\/www.politicosdosuldabahia.com.br\/v1\/wp-content\/uploads\/2017\/05\/jam.jpg 960w, https:\/\/www.politicosdosuldabahia.com.br\/v1\/wp-content\/uploads\/2017\/05\/jam-300x225.jpg 300w, https:\/\/www.politicosdosuldabahia.com.br\/v1\/wp-content\/uploads\/2017\/05\/jam-768x576.jpg 768w\" sizes=\"(max-width: 455px) 100vw, 455px\" \/><\/p>\n<h4 style=\"text-align: justify;\">Nesta ter\u00e7a-feira o por unanimidade os desembargadores da Segunda Turma da Primeira C\u00e2mara Criminal do Tribunal de Justi\u00e7a da Bahia, julgou um recurso feito pela defesa do vereador de Ilh\u00e9us, Jamil (PP).<\/h4>\n<h4 style=\"text-align: justify;\">Ap\u00f3s a sustenta\u00e7\u00e3o oral do advogado Sebastian Borges de Albuquerque Mello, o desembargador . Abelardo Paulo da Matta Neto, relator do processo, fez a leitura do seu voto pela denega\u00e7\u00e3o da ordem, acompanhando os demais Desembargadores denegando a ordem \u00e0 unanimidade.<\/h4>\n<h4 style=\"text-align: justify;\">Jamil est\u00e1 preso desde o in\u00edcio de mar\u00e7o em virtude de uma investiga\u00e7\u00e3o do Minist\u00e9rio P\u00fablico da Bahia. De acordo com as investiga\u00e7\u00f5es, o grupo investigado opera desde 2009, atrav\u00e9s de contratos com o munic\u00edpio de Ilh\u00e9us para o fornecimento de bens diversos. Os documentos tinham as rubricas gen\u00e9ricas de \u201cg\u00eaneros aliment\u00edcios\u201d e \u201cmateriais de expedientes\/escrit\u00f3rio\u201d. As empresas envolvidas receberam mais de R$ 20 milh\u00f5es decorrentes de contrata\u00e7\u00f5es.<\/h4>\n","protected":false},"excerpt":{"rendered":"<p>Nesta ter\u00e7a-feira o por unanimidade os desembargadores da Segunda Turma da Primeira C\u00e2mara Criminal do Tribunal de Justi\u00e7a da Bahia, julgou um recurso feito pela defesa do vereador de Ilh\u00e9us, Jamil (PP). Ap\u00f3s a sustenta\u00e7\u00e3o oral do advogado Sebastian Borges de Albuquerque Mello, o desembargador . Abelardo Paulo da Matta Neto, relator do processo, fez [&hellip;]<\/p>\n","protected":false},"author":2,"featured_media":93079,"comment_status":"open","ping_status":"open","sticky":false,"template":"","format":"standard","meta":{"footnotes":"","_links_to":"","_links_to_target":""},"categories":[24,1],"tags":[],"class_list":["post-93078","post","type-post","status-publish","format-standard","has-post-thumbnail","hentry","category-destaque2","category-geral"],"views":1443,"_links":{"self":[{"href":"https:\/\/www.politicosdosuldabahia.com.br\/v1\/wp-json\/wp\/v2\/posts\/93078"}],"collection":[{"href":"https:\/\/www.politicosdosuldabahia.com.br\/v1\/wp-json\/wp\/v2\/posts"}],"about":[{"href":"https:\/\/www.politicosdosuldabahia.com.br\/v1\/wp-json\/wp\/v2\/types\/post"}],"author":[{"embeddable":true,"href":"https:\/\/www.politicosdosuldabahia.com.br\/v1\/wp-json\/wp\/v2\/users\/2"}],"replies":[{"embeddable":true,"href":"https:\/\/www.politicosdosuldabahia.com.br\/v1\/wp-json\/wp\/v2\/comments?post=93078"}],"version-history":[{"count":1,"href":"https:\/\/www.politicosdosuldabahia.com.br\/v1\/wp-json\/wp\/v2\/posts\/93078\/revisions"}],"predecessor-version":[{"id":93080,"href":"https:\/\/www.politicosdosuldabahia.com.br\/v1\/wp-json\/wp\/v2\/posts\/93078\/revisions\/93080"}],"wp:featuredmedia":[{"embeddable":true,"href":"https:\/\/www.politicosdosuldabahia.com.br\/v1\/wp-json\/wp\/v2\/media\/93079"}],"wp:attachment":[{"href":"https:\/\/www.politicosdosuldabahia.com.br\/v1\/wp-json\/wp\/v2\/media?parent=93078"}],"wp:term":[{"taxonomy":"category","embeddable":true,"href":"https:\/\/www.politicosdosuldabahia.com.br\/v1\/wp-json\/wp\/v2\/categories?post=93078"},{"taxonomy":"post_tag","embeddable":true,"href":"https:\/\/www.politicosdosuldabahia.com.br\/v1\/wp-json\/wp\/v2\/tags?post=93078"}],"curies":[{"name":"wp","href":"https:\/\/api.w.org\/{rel}","templated":true}]}}