
{"id":92594,"date":"2017-05-17T13:00:49","date_gmt":"2017-05-17T16:00:49","guid":{"rendered":"http:\/\/www.politicosdosuldabahia.com.br\/v1\/?p=92594"},"modified":"2017-05-17T13:02:41","modified_gmt":"2017-05-17T16:02:41","slug":"itagimirim-policia-civil-cumpre-mandados-de-conducao-coercitiva-do-ex-prefeito","status":"publish","type":"post","link":"https:\/\/www.politicosdosuldabahia.com.br\/v1\/2017\/05\/17\/itagimirim-policia-civil-cumpre-mandados-de-conducao-coercitiva-do-ex-prefeito\/","title":{"rendered":"ITAGIMIRIM: POL\u00cdCIA CIVIL CUMPRE MANDADOS DE  CONDU\u00c7\u00c3O COERCITIVA DO EX-PREFEITO"},"content":{"rendered":"<p><img loading=\"lazy\" decoding=\"async\" class=\"aligncenter wp-image-92595\" src=\"http:\/\/www.politicosdosuldabahia.com.br\/v1\/wp-content\/uploads\/2017\/05\/itagiiiiiiiiii.jpg\" alt=\"itagiiiiiiiiii\" width=\"455\" height=\"256\" srcset=\"https:\/\/www.politicosdosuldabahia.com.br\/v1\/wp-content\/uploads\/2017\/05\/itagiiiiiiiiii.jpg 960w, https:\/\/www.politicosdosuldabahia.com.br\/v1\/wp-content\/uploads\/2017\/05\/itagiiiiiiiiii-300x169.jpg 300w, https:\/\/www.politicosdosuldabahia.com.br\/v1\/wp-content\/uploads\/2017\/05\/itagiiiiiiiiii-768x432.jpg 768w\" sizes=\"(max-width: 455px) 100vw, 455px\" \/><\/p>\n<h4 style=\"text-align: justify;\">Na manh\u00e3 de hoje, 17\/05, a Pol\u00edcia Civil de Eun\u00e1polis cumpriu oito Mandados de Busca e Apreens\u00e3o e cinco Mandados de Condu\u00e7\u00e3o coercitiva do ex-prefeito de Itagimirim, *_ROG\u00c9RIO ANDRADE DE OLIVEIRA_* (44 anos), e dos ex-secret\u00e1rios municipais *_S\u00c9RGIO MURILO CERQUEIRA MENEZES_* (55 anos), *_RILSON NERIS MIRANDA_* (45 anos), _*RAFAEL CESAR DO AMARAL*_ (36 anos) e *_WESLEY JOS\u00c9 GON\u00c7ALVES_* (36 anos).<\/h4>\n<h4 style=\"text-align: justify;\">As investiga\u00e7\u00f5es Policiais est\u00e3o a cargo da 23\u00aa Coordenadoria Regional de Pol\u00edcia Civil do Interior, sediada em Eun\u00e1polis, e foram iniciadas por requisi\u00e7\u00e3o do Promotor de Justi\u00e7a, Helber Luiz Batista, da Comarca de Itagimirim, e visa apurar subtra\u00e7\u00e3o de bens m\u00f3veis e de documentos cont\u00e1beis do munic\u00edpio, inclusive de pe\u00e7as de ve\u00edculos automotores e tratores, da cadeira do Prefeito, de mobili\u00e1rios da sala de recep\u00e7\u00e3o do Gabinete, de quadros, ar-condicionados, computadores, _scaner_, impressoras e outros bens m\u00f3veis.<\/h4>\n<h4 style=\"text-align: justify;\">S\u00e3o apontadas ainda nas investiga\u00e7\u00f5es uma s\u00e9rie de condutas de improbidade como falta de presta\u00e7\u00e3o de contas ao Tribunal de Cotas do Estado, aus\u00eancia de Portarias de nomea\u00e7\u00f5es e de pastas de processos de pagamentos de servidores municipais.<\/h4>\n<h4 style=\"text-align: justify;\">Os mandados foram expedidos pelo Juiz de Direito Roberto Costa de Freitas J\u00fanior e foram cumpridos nos munic\u00edpios de Itagimirim, Itapebi, Santa Cruz Cabr\u00e1lia e zona rural de Belmonte, todos esses em rela\u00e7\u00e3o aos fatos \u00e0s pr\u00e1ticas investigadas em desfavor da ex-gest\u00e3o de Itagimirim.<\/h4>\n<h4 style=\"text-align: justify;\">Na a\u00e7\u00e3o, foram apreendidos diversos bens m\u00f3veis, cheques, uma arma de fogo, muni\u00e7\u00f5es e farta documenta\u00e7\u00e3o ainda pendente de an\u00e1lise.<\/h4>\n","protected":false},"excerpt":{"rendered":"<p>Na manh\u00e3 de hoje, 17\/05, a Pol\u00edcia Civil de Eun\u00e1polis cumpriu oito Mandados de Busca e Apreens\u00e3o e cinco Mandados de Condu\u00e7\u00e3o coercitiva do ex-prefeito de Itagimirim, *_ROG\u00c9RIO ANDRADE DE OLIVEIRA_* (44 anos), e dos ex-secret\u00e1rios municipais *_S\u00c9RGIO MURILO CERQUEIRA MENEZES_* (55 anos), *_RILSON NERIS MIRANDA_* (45 anos), _*RAFAEL CESAR DO AMARAL*_ (36 anos) e [&hellip;]<\/p>\n","protected":false},"author":2,"featured_media":92595,"comment_status":"open","ping_status":"open","sticky":false,"template":"","format":"standard","meta":{"footnotes":"","_links_to":"","_links_to_target":""},"categories":[23,1],"tags":[],"class_list":["post-92594","post","type-post","status-publish","format-standard","has-post-thumbnail","hentry","category-destaque1","category-geral"],"views":1433,"_links":{"self":[{"href":"https:\/\/www.politicosdosuldabahia.com.br\/v1\/wp-json\/wp\/v2\/posts\/92594"}],"collection":[{"href":"https:\/\/www.politicosdosuldabahia.com.br\/v1\/wp-json\/wp\/v2\/posts"}],"about":[{"href":"https:\/\/www.politicosdosuldabahia.com.br\/v1\/wp-json\/wp\/v2\/types\/post"}],"author":[{"embeddable":true,"href":"https:\/\/www.politicosdosuldabahia.com.br\/v1\/wp-json\/wp\/v2\/users\/2"}],"replies":[{"embeddable":true,"href":"https:\/\/www.politicosdosuldabahia.com.br\/v1\/wp-json\/wp\/v2\/comments?post=92594"}],"version-history":[{"count":3,"href":"https:\/\/www.politicosdosuldabahia.com.br\/v1\/wp-json\/wp\/v2\/posts\/92594\/revisions"}],"predecessor-version":[{"id":92598,"href":"https:\/\/www.politicosdosuldabahia.com.br\/v1\/wp-json\/wp\/v2\/posts\/92594\/revisions\/92598"}],"wp:featuredmedia":[{"embeddable":true,"href":"https:\/\/www.politicosdosuldabahia.com.br\/v1\/wp-json\/wp\/v2\/media\/92595"}],"wp:attachment":[{"href":"https:\/\/www.politicosdosuldabahia.com.br\/v1\/wp-json\/wp\/v2\/media?parent=92594"}],"wp:term":[{"taxonomy":"category","embeddable":true,"href":"https:\/\/www.politicosdosuldabahia.com.br\/v1\/wp-json\/wp\/v2\/categories?post=92594"},{"taxonomy":"post_tag","embeddable":true,"href":"https:\/\/www.politicosdosuldabahia.com.br\/v1\/wp-json\/wp\/v2\/tags?post=92594"}],"curies":[{"name":"wp","href":"https:\/\/api.w.org\/{rel}","templated":true}]}}