
{"id":92036,"date":"2017-05-02T10:57:11","date_gmt":"2017-05-02T13:57:11","guid":{"rendered":"http:\/\/www.politicosdosuldabahia.com.br\/v1\/?p=92036"},"modified":"2017-05-02T10:57:11","modified_gmt":"2017-05-02T13:57:11","slug":"iguai-prefeitura-contrata-luan-santana-para-festa-da-cidade","status":"publish","type":"post","link":"https:\/\/www.politicosdosuldabahia.com.br\/v1\/2017\/05\/02\/iguai-prefeitura-contrata-luan-santana-para-festa-da-cidade\/","title":{"rendered":"IGUA\u00cd: PREFEITURA CONTRATA LUAN SANTANA PARA FESTA DA CIDADE"},"content":{"rendered":"<p><img loading=\"lazy\" decoding=\"async\" class=\"aligncenter wp-image-83202\" src=\"http:\/\/www.politicosdosuldabahia.com.br\/v1\/wp-content\/uploads\/2016\/05\/luan.jpg\" alt=\"luan\" width=\"455\" height=\"238\" srcset=\"https:\/\/www.politicosdosuldabahia.com.br\/v1\/wp-content\/uploads\/2016\/05\/luan.jpg 600w, https:\/\/www.politicosdosuldabahia.com.br\/v1\/wp-content\/uploads\/2016\/05\/luan-300x157.jpg 300w\" sizes=\"(max-width: 455px) 100vw, 455px\" \/><\/p>\n<h4 style=\"text-align: justify;\">Nesta semana o prefeito de Igua\u00ed, Rony Moitinho (PSD) confirmou a este blogueiro que a prefeitura contratou o cantor Luan Santana para festa realizada pela prefeitura no m\u00eas de setembro.<\/h4>\n<h4 style=\"text-align: justify;\">A festa dever\u00e1 ser realizada de 6 a 10 de setembro e ser\u00e1 destaque na regi\u00e3o sudoeste com uma mega estrutura e atra\u00e7\u00f5es de peso:<\/h4>\n<h4 style=\"text-align: justify;\">\u201c na campanha falei que o nosso governo iria resgatar as tradi\u00e7\u00f5es da cidade, e a festa deste ano ser\u00e1 de primeira\u201d, declarou o prefeito.<\/h4>\n","protected":false},"excerpt":{"rendered":"<p>Nesta semana o prefeito de Igua\u00ed, Rony Moitinho (PSD) confirmou a este blogueiro que a prefeitura contratou o cantor Luan Santana para festa realizada pela prefeitura no m\u00eas de setembro. A festa dever\u00e1 ser realizada de 6 a 10 de setembro e ser\u00e1 destaque na regi\u00e3o sudoeste com uma mega estrutura e atra\u00e7\u00f5es de peso: [&hellip;]<\/p>\n","protected":false},"author":2,"featured_media":83202,"comment_status":"open","ping_status":"open","sticky":false,"template":"","format":"standard","meta":{"footnotes":"","_links_to":"","_links_to_target":""},"categories":[24],"tags":[],"class_list":["post-92036","post","type-post","status-publish","format-standard","has-post-thumbnail","hentry","category-destaque2"],"views":2201,"_links":{"self":[{"href":"https:\/\/www.politicosdosuldabahia.com.br\/v1\/wp-json\/wp\/v2\/posts\/92036"}],"collection":[{"href":"https:\/\/www.politicosdosuldabahia.com.br\/v1\/wp-json\/wp\/v2\/posts"}],"about":[{"href":"https:\/\/www.politicosdosuldabahia.com.br\/v1\/wp-json\/wp\/v2\/types\/post"}],"author":[{"embeddable":true,"href":"https:\/\/www.politicosdosuldabahia.com.br\/v1\/wp-json\/wp\/v2\/users\/2"}],"replies":[{"embeddable":true,"href":"https:\/\/www.politicosdosuldabahia.com.br\/v1\/wp-json\/wp\/v2\/comments?post=92036"}],"version-history":[{"count":1,"href":"https:\/\/www.politicosdosuldabahia.com.br\/v1\/wp-json\/wp\/v2\/posts\/92036\/revisions"}],"predecessor-version":[{"id":92037,"href":"https:\/\/www.politicosdosuldabahia.com.br\/v1\/wp-json\/wp\/v2\/posts\/92036\/revisions\/92037"}],"wp:featuredmedia":[{"embeddable":true,"href":"https:\/\/www.politicosdosuldabahia.com.br\/v1\/wp-json\/wp\/v2\/media\/83202"}],"wp:attachment":[{"href":"https:\/\/www.politicosdosuldabahia.com.br\/v1\/wp-json\/wp\/v2\/media?parent=92036"}],"wp:term":[{"taxonomy":"category","embeddable":true,"href":"https:\/\/www.politicosdosuldabahia.com.br\/v1\/wp-json\/wp\/v2\/categories?post=92036"},{"taxonomy":"post_tag","embeddable":true,"href":"https:\/\/www.politicosdosuldabahia.com.br\/v1\/wp-json\/wp\/v2\/tags?post=92036"}],"curies":[{"name":"wp","href":"https:\/\/api.w.org\/{rel}","templated":true}]}}