
{"id":91834,"date":"2017-04-24T21:57:32","date_gmt":"2017-04-25T00:57:32","guid":{"rendered":"http:\/\/www.politicosdosuldabahia.com.br\/v1\/?p=91834"},"modified":"2017-04-24T22:16:32","modified_gmt":"2017-04-25T01:16:32","slug":"itabuna-santa-casa-pode-fechar-hospital-sao-lucas","status":"publish","type":"post","link":"https:\/\/www.politicosdosuldabahia.com.br\/v1\/2017\/04\/24\/itabuna-santa-casa-pode-fechar-hospital-sao-lucas\/","title":{"rendered":"ITABUNA: SANTA CASA PODE FECHAR HOSPITAL S\u00c3O LUCAS"},"content":{"rendered":"<p><img loading=\"lazy\" decoding=\"async\" class=\"aligncenter wp-image-91835\" src=\"http:\/\/www.politicosdosuldabahia.com.br\/v1\/wp-content\/uploads\/2017\/04\/lucas.jpg\" alt=\"lucas\" width=\"455\" height=\"302\" \/><\/p>\n<h4 style=\"text-align: justify;\">No \u00faltimo dia 10 \u00a0na 1\u00aa Vara da Fazenda P\u00fablica de Itabuna presidida pelo juiz Ulysses Maynard, foi realizada uma audi\u00eancia que as \u00a0 partes \u00a0foram o Minist\u00e9rio P\u00fablico e a Santa Casa de Miseric\u00f3rdia, tendo como \u00a0pauta \u00a0a situa\u00e7\u00e3o do Hospital S\u00e3o Lucas e seu poss\u00edvel fechamento. O munic\u00edpio participou da audi\u00eancia com um membro da secretaria de sa\u00fade.<\/h4>\n<h4 style=\"text-align: justify;\">O hospital S\u00e3o Lucas recebe recursos do Estado e do Munic\u00edpio, mas segundo a Santa Casa, o hospital opera em um elevado d\u00e9ficit mensal, o que fica invi\u00e1vel a continua\u00e7\u00e3o do atendimento na unidade hospitalar.<\/h4>\n<h4 style=\"text-align: justify;\">Em virtude disso o Minist\u00e9rio P\u00fablico pediu uma alternativa da secretaria de sa\u00fade, e a titular da pasta, Lisias Miranda, est\u00e1 buscando recursos para inaugurar a UPA do Monte Cristo, com atendimento 24 horas.<\/h4>\n<h4 style=\"text-align: justify;\">Em contato com a assessoria da Santa Casa, a informa\u00e7\u00e3o \u00e9 que no momento adequado ser\u00e1 \u00a0emitida uma nota sobre a situa\u00e7\u00e3o do hospital S\u00e3o Lucas.<\/h4>\n","protected":false},"excerpt":{"rendered":"<p>No \u00faltimo dia 10 \u00a0na 1\u00aa Vara da Fazenda P\u00fablica de Itabuna presidida pelo juiz Ulysses Maynard, foi realizada uma audi\u00eancia que as \u00a0 partes \u00a0foram o Minist\u00e9rio P\u00fablico e a Santa Casa de Miseric\u00f3rdia, tendo como \u00a0pauta \u00a0a situa\u00e7\u00e3o do Hospital S\u00e3o Lucas e seu poss\u00edvel fechamento. O munic\u00edpio participou da audi\u00eancia com um [&hellip;]<\/p>\n","protected":false},"author":2,"featured_media":91835,"comment_status":"open","ping_status":"open","sticky":false,"template":"","format":"standard","meta":{"footnotes":"","_links_to":"","_links_to_target":""},"categories":[23,1],"tags":[],"class_list":["post-91834","post","type-post","status-publish","format-standard","has-post-thumbnail","hentry","category-destaque1","category-geral"],"views":3583,"_links":{"self":[{"href":"https:\/\/www.politicosdosuldabahia.com.br\/v1\/wp-json\/wp\/v2\/posts\/91834"}],"collection":[{"href":"https:\/\/www.politicosdosuldabahia.com.br\/v1\/wp-json\/wp\/v2\/posts"}],"about":[{"href":"https:\/\/www.politicosdosuldabahia.com.br\/v1\/wp-json\/wp\/v2\/types\/post"}],"author":[{"embeddable":true,"href":"https:\/\/www.politicosdosuldabahia.com.br\/v1\/wp-json\/wp\/v2\/users\/2"}],"replies":[{"embeddable":true,"href":"https:\/\/www.politicosdosuldabahia.com.br\/v1\/wp-json\/wp\/v2\/comments?post=91834"}],"version-history":[{"count":6,"href":"https:\/\/www.politicosdosuldabahia.com.br\/v1\/wp-json\/wp\/v2\/posts\/91834\/revisions"}],"predecessor-version":[{"id":91841,"href":"https:\/\/www.politicosdosuldabahia.com.br\/v1\/wp-json\/wp\/v2\/posts\/91834\/revisions\/91841"}],"wp:featuredmedia":[{"embeddable":true,"href":"https:\/\/www.politicosdosuldabahia.com.br\/v1\/wp-json\/wp\/v2\/media\/91835"}],"wp:attachment":[{"href":"https:\/\/www.politicosdosuldabahia.com.br\/v1\/wp-json\/wp\/v2\/media?parent=91834"}],"wp:term":[{"taxonomy":"category","embeddable":true,"href":"https:\/\/www.politicosdosuldabahia.com.br\/v1\/wp-json\/wp\/v2\/categories?post=91834"},{"taxonomy":"post_tag","embeddable":true,"href":"https:\/\/www.politicosdosuldabahia.com.br\/v1\/wp-json\/wp\/v2\/tags?post=91834"}],"curies":[{"name":"wp","href":"https:\/\/api.w.org\/{rel}","templated":true}]}}