
{"id":91830,"date":"2017-04-24T20:50:11","date_gmt":"2017-04-24T23:50:11","guid":{"rendered":"http:\/\/www.politicosdosuldabahia.com.br\/v1\/?p=91830"},"modified":"2017-04-24T22:33:06","modified_gmt":"2017-04-25T01:33:06","slug":"ilheus-responsaveis-pela-morte-de-pm-sao-capturados","status":"publish","type":"post","link":"https:\/\/www.politicosdosuldabahia.com.br\/v1\/2017\/04\/24\/ilheus-responsaveis-pela-morte-de-pm-sao-capturados\/","title":{"rendered":"ILH\u00c9US: RESPONS\u00c1VEIS PELA MORTE DE PM  S\u00c3O CAPTURADOS"},"content":{"rendered":"<p><img loading=\"lazy\" decoding=\"async\" class=\"aligncenter wp-image-91831\" src=\"http:\/\/www.politicosdosuldabahia.com.br\/v1\/wp-content\/uploads\/2017\/04\/ilheus.jpg\" alt=\"ilheus\" width=\"455\" height=\"338\" srcset=\"https:\/\/www.politicosdosuldabahia.com.br\/v1\/wp-content\/uploads\/2017\/04\/ilheus.jpg 856w, https:\/\/www.politicosdosuldabahia.com.br\/v1\/wp-content\/uploads\/2017\/04\/ilheus-300x223.jpg 300w, https:\/\/www.politicosdosuldabahia.com.br\/v1\/wp-content\/uploads\/2017\/04\/ilheus-768x570.jpg 768w\" sizes=\"(max-width: 455px) 100vw, 455px\" \/><\/p>\n<h4 style=\"text-align: justify;\">Interceptado enquanto fugia para Salvador em um \u00f4nibus da empresa \u00c1guia Branca, Danilo Jos\u00e9 Silva Santos foi detido na madrugada desta segunda-feira (24), acusado de participar da morte do soldado PM Tyrone Tomas de Aquino, ocorrida no domingo. Equipes da 7\u00aa Coordenadoria Regional de Pol\u00edcia do Interior (Ilh\u00e9us), da Companhia Independente de Policiamento Especializado\/Cacaueira e das 68\u00aa, 69\u00aa e 70\u00aa Companhias Independentes da PM capturaram Danilo quando o coletivo passava pelo munic\u00edpio de Gandu.<\/h4>\n<h4 style=\"text-align: justify;\">Danilo apontou Fabr\u00edcio Santana Caetano, como autor dos disparos, al\u00e9m de acusar a participa\u00e7\u00e3o de Fabr\u00edcio Magno de Santana e de outra pessoa de prenome Everton. Em liberdade provis\u00f3ria concedida pela Justi\u00e7a, Fabr\u00edcio Santana foi preso em casa, tamb\u00e9m em Ilh\u00e9us. Embora negue a participa\u00e7\u00e3o no crime, ele indicou o esconderijo de uma arma calibre 380, que teria sido utilizada no crime. Ap\u00f3s encontrada debaixo da cama de um im\u00f3vel abandonado, no bairro da Conquista, a pistola foi encaminhada para o Departamento de Pol\u00edcia T\u00e9cnica que atestar\u00e1 sua utiliza\u00e7\u00e3o no crime.<\/h4>\n<h4 style=\"text-align: justify;\">Ainda em depoimento, Danilo afirmou que a morte do policial foi encomendada por Adailton Soares dos Santos, detento do Conjunto Penal de Itabuna, pelo valor de R$ 2 mil e um quilo de maconha. Outro suspeito de participa\u00e7\u00e3o, Pippou Cleber Machado dos Santos, tamb\u00e9m foi preso com um rev\u00f3lver calibre 38. O envolvimento dele ainda \u00e9 investigado.<\/h4>\n","protected":false},"excerpt":{"rendered":"<p>Interceptado enquanto fugia para Salvador em um \u00f4nibus da empresa \u00c1guia Branca, Danilo Jos\u00e9 Silva Santos foi detido na madrugada desta segunda-feira (24), acusado de participar da morte do soldado PM Tyrone Tomas de Aquino, ocorrida no domingo. Equipes da 7\u00aa Coordenadoria Regional de Pol\u00edcia do Interior (Ilh\u00e9us), da Companhia Independente de Policiamento Especializado\/Cacaueira e [&hellip;]<\/p>\n","protected":false},"author":2,"featured_media":91831,"comment_status":"open","ping_status":"open","sticky":false,"template":"","format":"standard","meta":{"footnotes":"","_links_to":"","_links_to_target":""},"categories":[24,1],"tags":[],"class_list":["post-91830","post","type-post","status-publish","format-standard","has-post-thumbnail","hentry","category-destaque2","category-geral"],"views":4417,"_links":{"self":[{"href":"https:\/\/www.politicosdosuldabahia.com.br\/v1\/wp-json\/wp\/v2\/posts\/91830"}],"collection":[{"href":"https:\/\/www.politicosdosuldabahia.com.br\/v1\/wp-json\/wp\/v2\/posts"}],"about":[{"href":"https:\/\/www.politicosdosuldabahia.com.br\/v1\/wp-json\/wp\/v2\/types\/post"}],"author":[{"embeddable":true,"href":"https:\/\/www.politicosdosuldabahia.com.br\/v1\/wp-json\/wp\/v2\/users\/2"}],"replies":[{"embeddable":true,"href":"https:\/\/www.politicosdosuldabahia.com.br\/v1\/wp-json\/wp\/v2\/comments?post=91830"}],"version-history":[{"count":1,"href":"https:\/\/www.politicosdosuldabahia.com.br\/v1\/wp-json\/wp\/v2\/posts\/91830\/revisions"}],"predecessor-version":[{"id":91832,"href":"https:\/\/www.politicosdosuldabahia.com.br\/v1\/wp-json\/wp\/v2\/posts\/91830\/revisions\/91832"}],"wp:featuredmedia":[{"embeddable":true,"href":"https:\/\/www.politicosdosuldabahia.com.br\/v1\/wp-json\/wp\/v2\/media\/91831"}],"wp:attachment":[{"href":"https:\/\/www.politicosdosuldabahia.com.br\/v1\/wp-json\/wp\/v2\/media?parent=91830"}],"wp:term":[{"taxonomy":"category","embeddable":true,"href":"https:\/\/www.politicosdosuldabahia.com.br\/v1\/wp-json\/wp\/v2\/categories?post=91830"},{"taxonomy":"post_tag","embeddable":true,"href":"https:\/\/www.politicosdosuldabahia.com.br\/v1\/wp-json\/wp\/v2\/tags?post=91830"}],"curies":[{"name":"wp","href":"https:\/\/api.w.org\/{rel}","templated":true}]}}