
{"id":91761,"date":"2017-04-20T14:03:40","date_gmt":"2017-04-20T17:03:40","guid":{"rendered":"http:\/\/www.politicosdosuldabahia.com.br\/v1\/?p=91761"},"modified":"2017-04-20T14:05:24","modified_gmt":"2017-04-20T17:05:24","slug":"itabuna-radio-difusora-comemora-57-anos-sorteando-um-caminhao-de-premios","status":"publish","type":"post","link":"https:\/\/www.politicosdosuldabahia.com.br\/v1\/2017\/04\/20\/itabuna-radio-difusora-comemora-57-anos-sorteando-um-caminhao-de-premios\/","title":{"rendered":"ITABUNA: R\u00c1DIO DIFUSORA COMEMORA 57 ANOS SORTEANDO UM CAMINH\u00c3O DE PR\u00caMIOS"},"content":{"rendered":"<p><img loading=\"lazy\" decoding=\"async\" class=\"aligncenter wp-image-91762\" src=\"http:\/\/www.politicosdosuldabahia.com.br\/v1\/wp-content\/uploads\/2017\/04\/difusora.jpg\" alt=\"difusora\" width=\"455\" height=\"164\" srcset=\"https:\/\/www.politicosdosuldabahia.com.br\/v1\/wp-content\/uploads\/2017\/04\/difusora.jpg 955w, https:\/\/www.politicosdosuldabahia.com.br\/v1\/wp-content\/uploads\/2017\/04\/difusora-300x108.jpg 300w, https:\/\/www.politicosdosuldabahia.com.br\/v1\/wp-content\/uploads\/2017\/04\/difusora-768x277.jpg 768w\" sizes=\"(max-width: 455px) 100vw, 455px\" \/><\/p>\n<h4 style=\"text-align: justify;\">Nesta sexta-feira a r\u00e1dio Difusora de Itabuna comemora 57 anos e a dire\u00e7\u00e3o da r\u00e1dio vai presentear os ouvintes da emissora com o sorteio no pr\u00f3ximo dia 29 de um Caminh\u00e3o de Pr\u00eamios.<\/h4>\n<h4 style=\"text-align: justify;\">\u0093\u201dEsta \u00e9 uma forma de tamb\u00e9m homenagearmos os ouvintes da emissora, pois sem eles a r\u00e1dio Difusora n\u00e3o seria uma das r\u00e1dios de maior audi\u00eancia do estado\u201d, atesta Ant\u00f4nio Badar\u00f3, diretor da emissora.<\/h4>\n<h4 style=\"text-align: justify;\">Ant\u00f4nio Badar\u00f3 comentou sobre a gest\u00e3o Jo\u00e3o Louren\u00e7o Botti, propriet\u00e1rio da r\u00e1dio:<\/h4>\n<h4 style=\"text-align: justify;\">\u201c\u0093Ele chegou aqui, vindo de Salvador, investiu em nossa cidade, comprando a R\u00e1dio Difusora, e passou a ter um v\u00ednculo t\u00e3o forte com Itabuna, que acabou conquistando as pessoas,\u201d lembra Badar\u00f3.<\/h4>\n","protected":false},"excerpt":{"rendered":"<p>Nesta sexta-feira a r\u00e1dio Difusora de Itabuna comemora 57 anos e a dire\u00e7\u00e3o da r\u00e1dio vai presentear os ouvintes da emissora com o sorteio no pr\u00f3ximo dia 29 de um Caminh\u00e3o de Pr\u00eamios. \u0093\u201dEsta \u00e9 uma forma de tamb\u00e9m homenagearmos os ouvintes da emissora, pois sem eles a r\u00e1dio Difusora n\u00e3o seria uma das r\u00e1dios [&hellip;]<\/p>\n","protected":false},"author":2,"featured_media":91762,"comment_status":"open","ping_status":"open","sticky":false,"template":"","format":"standard","meta":{"footnotes":"","_links_to":"","_links_to_target":""},"categories":[23,1],"tags":[],"class_list":["post-91761","post","type-post","status-publish","format-standard","has-post-thumbnail","hentry","category-destaque1","category-geral"],"views":1489,"_links":{"self":[{"href":"https:\/\/www.politicosdosuldabahia.com.br\/v1\/wp-json\/wp\/v2\/posts\/91761"}],"collection":[{"href":"https:\/\/www.politicosdosuldabahia.com.br\/v1\/wp-json\/wp\/v2\/posts"}],"about":[{"href":"https:\/\/www.politicosdosuldabahia.com.br\/v1\/wp-json\/wp\/v2\/types\/post"}],"author":[{"embeddable":true,"href":"https:\/\/www.politicosdosuldabahia.com.br\/v1\/wp-json\/wp\/v2\/users\/2"}],"replies":[{"embeddable":true,"href":"https:\/\/www.politicosdosuldabahia.com.br\/v1\/wp-json\/wp\/v2\/comments?post=91761"}],"version-history":[{"count":1,"href":"https:\/\/www.politicosdosuldabahia.com.br\/v1\/wp-json\/wp\/v2\/posts\/91761\/revisions"}],"predecessor-version":[{"id":91763,"href":"https:\/\/www.politicosdosuldabahia.com.br\/v1\/wp-json\/wp\/v2\/posts\/91761\/revisions\/91763"}],"wp:featuredmedia":[{"embeddable":true,"href":"https:\/\/www.politicosdosuldabahia.com.br\/v1\/wp-json\/wp\/v2\/media\/91762"}],"wp:attachment":[{"href":"https:\/\/www.politicosdosuldabahia.com.br\/v1\/wp-json\/wp\/v2\/media?parent=91761"}],"wp:term":[{"taxonomy":"category","embeddable":true,"href":"https:\/\/www.politicosdosuldabahia.com.br\/v1\/wp-json\/wp\/v2\/categories?post=91761"},{"taxonomy":"post_tag","embeddable":true,"href":"https:\/\/www.politicosdosuldabahia.com.br\/v1\/wp-json\/wp\/v2\/tags?post=91761"}],"curies":[{"name":"wp","href":"https:\/\/api.w.org\/{rel}","templated":true}]}}