
{"id":91759,"date":"2017-04-20T12:40:21","date_gmt":"2017-04-20T15:40:21","guid":{"rendered":"http:\/\/www.politicosdosuldabahia.com.br\/v1\/?p=91759"},"modified":"2017-04-20T14:07:58","modified_gmt":"2017-04-20T17:07:58","slug":"ilheus-operacao-da-policia-civil-causa-tensao-em-politicos","status":"publish","type":"post","link":"https:\/\/www.politicosdosuldabahia.com.br\/v1\/2017\/04\/20\/ilheus-operacao-da-policia-civil-causa-tensao-em-politicos\/","title":{"rendered":"ILH\u00c9US: OPERA\u00c7\u00c3O DA POL\u00cdCIA CIVIL CAUSA TENS\u00c3O EM POL\u00cdTICOS"},"content":{"rendered":"<p><img loading=\"lazy\" decoding=\"async\" class=\"aligncenter wp-image-90955\" src=\"http:\/\/www.politicosdosuldabahia.com.br\/v1\/wp-content\/uploads\/2017\/03\/20170325_misterio.jpg\" alt=\"20170325_misterio\" width=\"455\" height=\"202\" srcset=\"https:\/\/www.politicosdosuldabahia.com.br\/v1\/wp-content\/uploads\/2017\/03\/20170325_misterio.jpg 600w, https:\/\/www.politicosdosuldabahia.com.br\/v1\/wp-content\/uploads\/2017\/03\/20170325_misterio-300x134.jpg 300w\" sizes=\"(max-width: 455px) 100vw, 455px\" \/><\/p>\n<h4 style=\"text-align: justify;\">Na manh\u00e3 desta quinta-feira a pol\u00edcia civil realizou uma grande opera\u00e7\u00e3o em Ilh\u00e9us. V\u00e1rias viaturas estavam participando da opera\u00e7\u00e3o e isso causou tens\u00e3o e preocupa\u00e7\u00e3o a v\u00e1rios pol\u00edticos da cidade.<\/h4>\n<h4 style=\"text-align: justify;\">A expectativa era que poderia ser a segunda fase da Opera\u00e7\u00e3o Citrus,que na primeira fase prendeu um vereador, um ex-secret\u00e1rio da prefeitura e empres\u00e1rios.<\/h4>\n<h4 style=\"text-align: justify;\">Mas por sorte dos pol\u00edticos, a opera\u00e7\u00e3o da pol\u00edcia civil foi para prender traficantes. Teve pol\u00edtico que ligou para advogado cedo, j\u00e1 outros a press\u00e3o arterial subiu bastante.<\/h4>\n","protected":false},"excerpt":{"rendered":"<p>Na manh\u00e3 desta quinta-feira a pol\u00edcia civil realizou uma grande opera\u00e7\u00e3o em Ilh\u00e9us. V\u00e1rias viaturas estavam participando da opera\u00e7\u00e3o e isso causou tens\u00e3o e preocupa\u00e7\u00e3o a v\u00e1rios pol\u00edticos da cidade. A expectativa era que poderia ser a segunda fase da Opera\u00e7\u00e3o Citrus,que na primeira fase prendeu um vereador, um ex-secret\u00e1rio da prefeitura e empres\u00e1rios. Mas [&hellip;]<\/p>\n","protected":false},"author":2,"featured_media":90955,"comment_status":"open","ping_status":"open","sticky":false,"template":"","format":"standard","meta":{"footnotes":"","_links_to":"","_links_to_target":""},"categories":[24,1],"tags":[],"class_list":["post-91759","post","type-post","status-publish","format-standard","has-post-thumbnail","hentry","category-destaque2","category-geral"],"views":2663,"_links":{"self":[{"href":"https:\/\/www.politicosdosuldabahia.com.br\/v1\/wp-json\/wp\/v2\/posts\/91759"}],"collection":[{"href":"https:\/\/www.politicosdosuldabahia.com.br\/v1\/wp-json\/wp\/v2\/posts"}],"about":[{"href":"https:\/\/www.politicosdosuldabahia.com.br\/v1\/wp-json\/wp\/v2\/types\/post"}],"author":[{"embeddable":true,"href":"https:\/\/www.politicosdosuldabahia.com.br\/v1\/wp-json\/wp\/v2\/users\/2"}],"replies":[{"embeddable":true,"href":"https:\/\/www.politicosdosuldabahia.com.br\/v1\/wp-json\/wp\/v2\/comments?post=91759"}],"version-history":[{"count":1,"href":"https:\/\/www.politicosdosuldabahia.com.br\/v1\/wp-json\/wp\/v2\/posts\/91759\/revisions"}],"predecessor-version":[{"id":91760,"href":"https:\/\/www.politicosdosuldabahia.com.br\/v1\/wp-json\/wp\/v2\/posts\/91759\/revisions\/91760"}],"wp:featuredmedia":[{"embeddable":true,"href":"https:\/\/www.politicosdosuldabahia.com.br\/v1\/wp-json\/wp\/v2\/media\/90955"}],"wp:attachment":[{"href":"https:\/\/www.politicosdosuldabahia.com.br\/v1\/wp-json\/wp\/v2\/media?parent=91759"}],"wp:term":[{"taxonomy":"category","embeddable":true,"href":"https:\/\/www.politicosdosuldabahia.com.br\/v1\/wp-json\/wp\/v2\/categories?post=91759"},{"taxonomy":"post_tag","embeddable":true,"href":"https:\/\/www.politicosdosuldabahia.com.br\/v1\/wp-json\/wp\/v2\/tags?post=91759"}],"curies":[{"name":"wp","href":"https:\/\/api.w.org\/{rel}","templated":true}]}}