
{"id":91754,"date":"2017-04-20T11:25:00","date_gmt":"2017-04-20T14:25:00","guid":{"rendered":"http:\/\/www.politicosdosuldabahia.com.br\/v1\/?p=91754"},"modified":"2017-04-20T14:16:42","modified_gmt":"2017-04-20T17:16:42","slug":"ex-prefeito-foi-condenado-a-mais-de-cinco-anos-de-prisao","status":"publish","type":"post","link":"https:\/\/www.politicosdosuldabahia.com.br\/v1\/2017\/04\/20\/ex-prefeito-foi-condenado-a-mais-de-cinco-anos-de-prisao\/","title":{"rendered":"EX-PREFEITO FOI  CONDENADO A MAIS DE CINCO ANOS DE PRIS\u00c3O"},"content":{"rendered":"<p><img loading=\"lazy\" decoding=\"async\" class=\"aligncenter wp-image-91755\" src=\"http:\/\/www.politicosdosuldabahia.com.br\/v1\/wp-content\/uploads\/2017\/04\/pote.jpg\" alt=\"pote\" width=\"455\" height=\"303\" srcset=\"https:\/\/www.politicosdosuldabahia.com.br\/v1\/wp-content\/uploads\/2017\/04\/pote.jpg 360w, https:\/\/www.politicosdosuldabahia.com.br\/v1\/wp-content\/uploads\/2017\/04\/pote-300x200.jpg 300w\" sizes=\"(max-width: 455px) 100vw, 455px\" \/><\/p>\n<h4 style=\"text-align: justify;\">O ex-prefeito do munic\u00edpio de Santa Cruz de Cabr\u00e1lia, Jorge Pontes(PT), foi condenado pela Justi\u00e7a a cinco anos e tr\u00eas meses de reclus\u00e3o e quatro anos e oitos meses de deten\u00e7\u00e3o, al\u00e9m de multa, por utilizar-se, indevidamente, de recursos p\u00fablicos. A decis\u00e3o, proferida pela ju\u00edza Nemora de Lima Janssen, nesta segunda-feira (17), foi resultado da den\u00fancia feita pelo Minist\u00e9rio Publico estadual.<\/h4>\n<h4 style=\"text-align: justify;\">Jorge Pontes foi acusado de contratar a empresa Meta Gest\u00e3o P\u00fablica Ltda para prestar os servi\u00e7os de assessoria jur\u00eddica e previdenci\u00e1ria sem o devido processo licitat\u00f3rio. Al\u00e9m disso, a empresa contratada n\u00e3o possu\u00eda em seu quadro de funcion\u00e1rios profissionais da advocacia, contrariando a lei para contrata\u00e7\u00e3o de servi\u00e7os t\u00e9cnicos especializados.<\/h4>\n<h4 style=\"text-align: justify;\">Na a\u00e7\u00e3o, o MP denunciou o ex-prefeito por ter praticado, no ano de 2011, os crimes previstos no art. 89, da Lei n\u00ba 8.666 (inexigibilidade de licita\u00e7\u00e3o), c\/c com o art. 1\u00ba, inciso II, do Decreto Lei 201\/1967 (utiliza\u00e7\u00e3o indevida de verbas p\u00fablicas).<\/h4>\n","protected":false},"excerpt":{"rendered":"<p>O ex-prefeito do munic\u00edpio de Santa Cruz de Cabr\u00e1lia, Jorge Pontes(PT), foi condenado pela Justi\u00e7a a cinco anos e tr\u00eas meses de reclus\u00e3o e quatro anos e oitos meses de deten\u00e7\u00e3o, al\u00e9m de multa, por utilizar-se, indevidamente, de recursos p\u00fablicos. A decis\u00e3o, proferida pela ju\u00edza Nemora de Lima Janssen, nesta segunda-feira (17), foi resultado da [&hellip;]<\/p>\n","protected":false},"author":2,"featured_media":91755,"comment_status":"open","ping_status":"open","sticky":false,"template":"","format":"standard","meta":{"footnotes":"","_links_to":"","_links_to_target":""},"categories":[23,1],"tags":[],"class_list":["post-91754","post","type-post","status-publish","format-standard","has-post-thumbnail","hentry","category-destaque1","category-geral"],"views":3059,"_links":{"self":[{"href":"https:\/\/www.politicosdosuldabahia.com.br\/v1\/wp-json\/wp\/v2\/posts\/91754"}],"collection":[{"href":"https:\/\/www.politicosdosuldabahia.com.br\/v1\/wp-json\/wp\/v2\/posts"}],"about":[{"href":"https:\/\/www.politicosdosuldabahia.com.br\/v1\/wp-json\/wp\/v2\/types\/post"}],"author":[{"embeddable":true,"href":"https:\/\/www.politicosdosuldabahia.com.br\/v1\/wp-json\/wp\/v2\/users\/2"}],"replies":[{"embeddable":true,"href":"https:\/\/www.politicosdosuldabahia.com.br\/v1\/wp-json\/wp\/v2\/comments?post=91754"}],"version-history":[{"count":1,"href":"https:\/\/www.politicosdosuldabahia.com.br\/v1\/wp-json\/wp\/v2\/posts\/91754\/revisions"}],"predecessor-version":[{"id":91756,"href":"https:\/\/www.politicosdosuldabahia.com.br\/v1\/wp-json\/wp\/v2\/posts\/91754\/revisions\/91756"}],"wp:featuredmedia":[{"embeddable":true,"href":"https:\/\/www.politicosdosuldabahia.com.br\/v1\/wp-json\/wp\/v2\/media\/91755"}],"wp:attachment":[{"href":"https:\/\/www.politicosdosuldabahia.com.br\/v1\/wp-json\/wp\/v2\/media?parent=91754"}],"wp:term":[{"taxonomy":"category","embeddable":true,"href":"https:\/\/www.politicosdosuldabahia.com.br\/v1\/wp-json\/wp\/v2\/categories?post=91754"},{"taxonomy":"post_tag","embeddable":true,"href":"https:\/\/www.politicosdosuldabahia.com.br\/v1\/wp-json\/wp\/v2\/tags?post=91754"}],"curies":[{"name":"wp","href":"https:\/\/api.w.org\/{rel}","templated":true}]}}