
{"id":91690,"date":"2017-04-18T21:33:39","date_gmt":"2017-04-19T00:33:39","guid":{"rendered":"http:\/\/www.politicosdosuldabahia.com.br\/v1\/?p=91690"},"modified":"2017-04-18T21:34:16","modified_gmt":"2017-04-19T00:34:16","slug":"bahia-prefeitos-do-cima-declaram-que-governador-nao-quer-recebe-los","status":"publish","type":"post","link":"https:\/\/www.politicosdosuldabahia.com.br\/v1\/2017\/04\/18\/bahia-prefeitos-do-cima-declaram-que-governador-nao-quer-recebe-los\/","title":{"rendered":"BAHIA: PREFEITOS DO CIMA DECLARAM QUE GOVERNADOR N\u00c3O QUER  RECEB\u00ca-LOS"},"content":{"rendered":"<p><img loading=\"lazy\" decoding=\"async\" class=\"aligncenter wp-image-88584\" src=\"http:\/\/www.politicosdosuldabahia.com.br\/v1\/wp-content\/uploads\/2017\/01\/prffff.jpg\" alt=\"prffff\" width=\"455\" height=\"256\" srcset=\"https:\/\/www.politicosdosuldabahia.com.br\/v1\/wp-content\/uploads\/2017\/01\/prffff.jpg 960w, https:\/\/www.politicosdosuldabahia.com.br\/v1\/wp-content\/uploads\/2017\/01\/prffff-300x169.jpg 300w, https:\/\/www.politicosdosuldabahia.com.br\/v1\/wp-content\/uploads\/2017\/01\/prffff-768x432.jpg 768w\" sizes=\"(max-width: 455px) 100vw, 455px\" \/><\/p>\n<h4 style=\"text-align: justify;\">Os Prefeitos dos Munic\u00edpios que comp\u00f5em o Consorcio Intermunicipal da Mata Atl\u00e2ntica( CIMA) expuseram em reuni\u00e3o realizada nesta ter\u00e7a-feira (18) na sede da entidade situada no Munic\u00edpio de Camacan, a desilus\u00e3o quanto a audi\u00eancia solicitada ao Governador Rui Costa.<\/h4>\n<h4 style=\"text-align: justify;\">Os gestores atuais reclamavam da demora no atendimento do pleito quando foram informados que na gest\u00e3o pr\u00f3xima passada tamb\u00e9m houve solicita\u00e7\u00e3o e n\u00e3o houve atendimento. Os Prefeitos tinham solicitado audi\u00eancia com intuito de levar demandas coletivas ao Governador que tem se pronunciado defensor dos Cons\u00f3rcios.<\/h4>\n<h4 style=\"text-align: justify;\">Fazem parte do CIMA os Munic\u00edpios de Camacan, Pau Brasil, Jussari, Canavieiras, Itaj\u00fa do Col\u00f4nia, Mascote, S\u00e3o Jos\u00e9 da Vit\u00f3ria, Arataca e Buerarema.<\/h4>\n","protected":false},"excerpt":{"rendered":"<p>Os Prefeitos dos Munic\u00edpios que comp\u00f5em o Consorcio Intermunicipal da Mata Atl\u00e2ntica( CIMA) expuseram em reuni\u00e3o realizada nesta ter\u00e7a-feira (18) na sede da entidade situada no Munic\u00edpio de Camacan, a desilus\u00e3o quanto a audi\u00eancia solicitada ao Governador Rui Costa. Os gestores atuais reclamavam da demora no atendimento do pleito quando foram informados que na gest\u00e3o [&hellip;]<\/p>\n","protected":false},"author":2,"featured_media":88584,"comment_status":"open","ping_status":"open","sticky":false,"template":"","format":"standard","meta":{"footnotes":"","_links_to":"","_links_to_target":""},"categories":[23,1],"tags":[],"class_list":["post-91690","post","type-post","status-publish","format-standard","has-post-thumbnail","hentry","category-destaque1","category-geral"],"views":3632,"_links":{"self":[{"href":"https:\/\/www.politicosdosuldabahia.com.br\/v1\/wp-json\/wp\/v2\/posts\/91690"}],"collection":[{"href":"https:\/\/www.politicosdosuldabahia.com.br\/v1\/wp-json\/wp\/v2\/posts"}],"about":[{"href":"https:\/\/www.politicosdosuldabahia.com.br\/v1\/wp-json\/wp\/v2\/types\/post"}],"author":[{"embeddable":true,"href":"https:\/\/www.politicosdosuldabahia.com.br\/v1\/wp-json\/wp\/v2\/users\/2"}],"replies":[{"embeddable":true,"href":"https:\/\/www.politicosdosuldabahia.com.br\/v1\/wp-json\/wp\/v2\/comments?post=91690"}],"version-history":[{"count":1,"href":"https:\/\/www.politicosdosuldabahia.com.br\/v1\/wp-json\/wp\/v2\/posts\/91690\/revisions"}],"predecessor-version":[{"id":91691,"href":"https:\/\/www.politicosdosuldabahia.com.br\/v1\/wp-json\/wp\/v2\/posts\/91690\/revisions\/91691"}],"wp:featuredmedia":[{"embeddable":true,"href":"https:\/\/www.politicosdosuldabahia.com.br\/v1\/wp-json\/wp\/v2\/media\/88584"}],"wp:attachment":[{"href":"https:\/\/www.politicosdosuldabahia.com.br\/v1\/wp-json\/wp\/v2\/media?parent=91690"}],"wp:term":[{"taxonomy":"category","embeddable":true,"href":"https:\/\/www.politicosdosuldabahia.com.br\/v1\/wp-json\/wp\/v2\/categories?post=91690"},{"taxonomy":"post_tag","embeddable":true,"href":"https:\/\/www.politicosdosuldabahia.com.br\/v1\/wp-json\/wp\/v2\/tags?post=91690"}],"curies":[{"name":"wp","href":"https:\/\/api.w.org\/{rel}","templated":true}]}}