
{"id":91688,"date":"2017-04-18T20:19:16","date_gmt":"2017-04-18T23:19:16","guid":{"rendered":"http:\/\/www.politicosdosuldabahia.com.br\/v1\/?p=91688"},"modified":"2017-04-18T18:20:30","modified_gmt":"2017-04-18T21:20:30","slug":"canavieiras-prefeito-podera-ser-cassado-essa-semana-pela-justica-eleitoral","status":"publish","type":"post","link":"https:\/\/www.politicosdosuldabahia.com.br\/v1\/2017\/04\/18\/canavieiras-prefeito-podera-ser-cassado-essa-semana-pela-justica-eleitoral\/","title":{"rendered":"CANAVIEIRAS: PREFEITO PODER\u00c1 SER CASSADO ESSA SEMANA  PELA JUSTI\u00c7A ELEITORAL"},"content":{"rendered":"<p><img loading=\"lazy\" decoding=\"async\" class=\"aligncenter wp-image-87969\" src=\"http:\/\/www.politicosdosuldabahia.com.br\/v1\/wp-content\/uploads\/2016\/12\/almeida.jpg\" alt=\"almeida\" width=\"455\" height=\"283\" \/><\/p>\n<h4 style=\"text-align: justify;\">Nesta semana o clima \u00e9 de grande expectativa em Canavieiras em virtude da a\u00e7\u00e3o que investiga crime eleitoral em 2016. A oposi\u00e7\u00e3o entrou com a a\u00e7\u00e3o na justi\u00e7a eleitoral contra o prefeito Almeida (PPS).<\/h4>\n<h4 style=\"text-align: justify;\">Na a\u00e7\u00e3o o prefeito \u00e9 acusado de abuso de poder econ\u00f4mico durante a elei\u00e7\u00e3o municipal e \u00e9 solicitada a cassa\u00e7\u00e3o do seu diploma, consequentemente a cassa\u00e7\u00e3o do mandato.<\/h4>\n<h4 style=\"text-align: justify;\">Muito provavelmente at\u00e9 a pr\u00f3xima quinta-feira o juiz Eduardo Gil Guerreiro, dever\u00e1 publicar a sua decis\u00e3o sobre a a\u00e7\u00e3o.<\/h4>\n","protected":false},"excerpt":{"rendered":"<p>Nesta semana o clima \u00e9 de grande expectativa em Canavieiras em virtude da a\u00e7\u00e3o que investiga crime eleitoral em 2016. A oposi\u00e7\u00e3o entrou com a a\u00e7\u00e3o na justi\u00e7a eleitoral contra o prefeito Almeida (PPS). Na a\u00e7\u00e3o o prefeito \u00e9 acusado de abuso de poder econ\u00f4mico durante a elei\u00e7\u00e3o municipal e \u00e9 solicitada a cassa\u00e7\u00e3o do [&hellip;]<\/p>\n","protected":false},"author":2,"featured_media":0,"comment_status":"open","ping_status":"open","sticky":false,"template":"","format":"standard","meta":{"footnotes":"","_links_to":"","_links_to_target":""},"categories":[24],"tags":[],"class_list":["post-91688","post","type-post","status-publish","format-standard","hentry","category-destaque2"],"views":4161,"_links":{"self":[{"href":"https:\/\/www.politicosdosuldabahia.com.br\/v1\/wp-json\/wp\/v2\/posts\/91688"}],"collection":[{"href":"https:\/\/www.politicosdosuldabahia.com.br\/v1\/wp-json\/wp\/v2\/posts"}],"about":[{"href":"https:\/\/www.politicosdosuldabahia.com.br\/v1\/wp-json\/wp\/v2\/types\/post"}],"author":[{"embeddable":true,"href":"https:\/\/www.politicosdosuldabahia.com.br\/v1\/wp-json\/wp\/v2\/users\/2"}],"replies":[{"embeddable":true,"href":"https:\/\/www.politicosdosuldabahia.com.br\/v1\/wp-json\/wp\/v2\/comments?post=91688"}],"version-history":[{"count":1,"href":"https:\/\/www.politicosdosuldabahia.com.br\/v1\/wp-json\/wp\/v2\/posts\/91688\/revisions"}],"predecessor-version":[{"id":91689,"href":"https:\/\/www.politicosdosuldabahia.com.br\/v1\/wp-json\/wp\/v2\/posts\/91688\/revisions\/91689"}],"wp:attachment":[{"href":"https:\/\/www.politicosdosuldabahia.com.br\/v1\/wp-json\/wp\/v2\/media?parent=91688"}],"wp:term":[{"taxonomy":"category","embeddable":true,"href":"https:\/\/www.politicosdosuldabahia.com.br\/v1\/wp-json\/wp\/v2\/categories?post=91688"},{"taxonomy":"post_tag","embeddable":true,"href":"https:\/\/www.politicosdosuldabahia.com.br\/v1\/wp-json\/wp\/v2\/tags?post=91688"}],"curies":[{"name":"wp","href":"https:\/\/api.w.org\/{rel}","templated":true}]}}