
{"id":91651,"date":"2017-04-18T07:16:17","date_gmt":"2017-04-18T10:16:17","guid":{"rendered":"http:\/\/www.politicosdosuldabahia.com.br\/v1\/?p=91651"},"modified":"2017-04-18T18:23:21","modified_gmt":"2017-04-18T21:23:21","slug":"ilheus-prefeitura-tentara-anular-acordo-dos-precatorios","status":"publish","type":"post","link":"https:\/\/www.politicosdosuldabahia.com.br\/v1\/2017\/04\/18\/ilheus-prefeitura-tentara-anular-acordo-dos-precatorios\/","title":{"rendered":"ILH\u00c9US: PREFEITURA TENTAR\u00c1 ANULAR ACORDO DOS PRECAT\u00d3RIOS"},"content":{"rendered":"<p><img loading=\"lazy\" decoding=\"async\" class=\"aligncenter wp-image-91652\" src=\"http:\/\/www.politicosdosuldabahia.com.br\/v1\/wp-content\/uploads\/2017\/04\/trt.jpg\" alt=\"trt\" width=\"455\" height=\"303\" srcset=\"https:\/\/www.politicosdosuldabahia.com.br\/v1\/wp-content\/uploads\/2017\/04\/trt.jpg 500w, https:\/\/www.politicosdosuldabahia.com.br\/v1\/wp-content\/uploads\/2017\/04\/trt-300x200.jpg 300w\" sizes=\"(max-width: 455px) 100vw, 455px\" \/><\/p>\n<h4 style=\"text-align: justify;\">O setor jur\u00eddico da prefeitura de Ilh\u00e9us est\u00e1 procurando uma alternativa para tentar anular o acordo realizado no m\u00eas de mar\u00e7o durante uma audi\u00eancia global do Tribunal Regional do Trabalho 5\u00aa Regi\u00e3o, para tratar dos precat\u00f3rios trabalhistas n\u00e3o conciliados.<\/h4>\n<h4 style=\"text-align: justify;\">Para firmar o acordo de pagamento dos precat\u00f3rios, o munic\u00edpio autorizou o desconto mensal de 15% do valor bruto do Fundo de Participa\u00e7\u00e3o dos Munic\u00edpios (FPM) e mais 10% do fundo de repasse do ICMS, calculados sobre os valores dos repasses do m\u00eas anterior dos respectivos fundos, que importa num valor anual da ordem de R$ 22.800.000,00. O acordo come\u00e7ar\u00e1 a entrar em vigor no m\u00eas de junho.<\/h4>\n<h4 style=\"text-align: justify;\">Logo depois de ter assinado o acordo o \u201cQG\u201d do governo chegou a conclus\u00e3o que o acordo inviabilizada a administra\u00e7\u00e3o municipal. Por isso est\u00e1 buscando \u00a0uma alternativa jur\u00eddica para anular.<\/h4>\n<h4 style=\"text-align: justify;\">Uma fonte informou que uma alternativa \u00e9 um vereador entrar com a impugna\u00e7\u00e3o do acordo, alegando que o governo teria de ter autoriza\u00e7\u00e3o da c\u00e2mara para assinar esse acordo.<\/h4>\n<h4 style=\"text-align: justify;\">Segundo um jurista que pediu anonimato, a prefeitura dever\u00e1 entrar com uma a\u00e7\u00e3o no TRT, caso n\u00e3o seja deferido, recorra ao TST: \u201cO mais certo \u00e9 eles entrarem com uma a\u00e7\u00e3o rescis\u00f3ria, n\u00e3o tem multa, mas autoriza o TRT a sequestrar o FPM\u201d, declarou.<\/h4>\n","protected":false},"excerpt":{"rendered":"<p>O setor jur\u00eddico da prefeitura de Ilh\u00e9us est\u00e1 procurando uma alternativa para tentar anular o acordo realizado no m\u00eas de mar\u00e7o durante uma audi\u00eancia global do Tribunal Regional do Trabalho 5\u00aa Regi\u00e3o, para tratar dos precat\u00f3rios trabalhistas n\u00e3o conciliados. Para firmar o acordo de pagamento dos precat\u00f3rios, o munic\u00edpio autorizou o desconto mensal de 15% [&hellip;]<\/p>\n","protected":false},"author":2,"featured_media":91652,"comment_status":"open","ping_status":"open","sticky":false,"template":"","format":"standard","meta":{"footnotes":"","_links_to":"","_links_to_target":""},"categories":[24,1],"tags":[],"class_list":["post-91651","post","type-post","status-publish","format-standard","has-post-thumbnail","hentry","category-destaque2","category-geral"],"views":2709,"_links":{"self":[{"href":"https:\/\/www.politicosdosuldabahia.com.br\/v1\/wp-json\/wp\/v2\/posts\/91651"}],"collection":[{"href":"https:\/\/www.politicosdosuldabahia.com.br\/v1\/wp-json\/wp\/v2\/posts"}],"about":[{"href":"https:\/\/www.politicosdosuldabahia.com.br\/v1\/wp-json\/wp\/v2\/types\/post"}],"author":[{"embeddable":true,"href":"https:\/\/www.politicosdosuldabahia.com.br\/v1\/wp-json\/wp\/v2\/users\/2"}],"replies":[{"embeddable":true,"href":"https:\/\/www.politicosdosuldabahia.com.br\/v1\/wp-json\/wp\/v2\/comments?post=91651"}],"version-history":[{"count":2,"href":"https:\/\/www.politicosdosuldabahia.com.br\/v1\/wp-json\/wp\/v2\/posts\/91651\/revisions"}],"predecessor-version":[{"id":91654,"href":"https:\/\/www.politicosdosuldabahia.com.br\/v1\/wp-json\/wp\/v2\/posts\/91651\/revisions\/91654"}],"wp:featuredmedia":[{"embeddable":true,"href":"https:\/\/www.politicosdosuldabahia.com.br\/v1\/wp-json\/wp\/v2\/media\/91652"}],"wp:attachment":[{"href":"https:\/\/www.politicosdosuldabahia.com.br\/v1\/wp-json\/wp\/v2\/media?parent=91651"}],"wp:term":[{"taxonomy":"category","embeddable":true,"href":"https:\/\/www.politicosdosuldabahia.com.br\/v1\/wp-json\/wp\/v2\/categories?post=91651"},{"taxonomy":"post_tag","embeddable":true,"href":"https:\/\/www.politicosdosuldabahia.com.br\/v1\/wp-json\/wp\/v2\/tags?post=91651"}],"curies":[{"name":"wp","href":"https:\/\/api.w.org\/{rel}","templated":true}]}}