
{"id":91577,"date":"2017-04-12T18:11:10","date_gmt":"2017-04-12T21:11:10","guid":{"rendered":"http:\/\/www.politicosdosuldabahia.com.br\/v1\/?p=91577"},"modified":"2017-04-12T17:14:17","modified_gmt":"2017-04-12T20:14:17","slug":"itajuipe-em-100-dias-de-governo-economiza-mais-de-r-2-milhoes","status":"publish","type":"post","link":"https:\/\/www.politicosdosuldabahia.com.br\/v1\/2017\/04\/12\/itajuipe-em-100-dias-de-governo-economiza-mais-de-r-2-milhoes\/","title":{"rendered":"ITAJU\u00cdPE: EM 100 DIAS DE GOVERNO  ECONOMIZA MAIS DE R$ 2 MILH\u00d5ES"},"content":{"rendered":"<p><img loading=\"lazy\" decoding=\"async\" class=\"aligncenter wp-image-91578\" src=\"http:\/\/www.politicosdosuldabahia.com.br\/v1\/wp-content\/uploads\/2017\/04\/marcone.jpg\" alt=\"marcone\" width=\"455\" height=\"810\" srcset=\"https:\/\/www.politicosdosuldabahia.com.br\/v1\/wp-content\/uploads\/2017\/04\/marcone.jpg 539w, https:\/\/www.politicosdosuldabahia.com.br\/v1\/wp-content\/uploads\/2017\/04\/marcone-168x300.jpg 168w\" sizes=\"(max-width: 455px) 100vw, 455px\" \/><\/p>\n<h4 style=\"text-align: justify;\">O Executivo realizou, nesta ter\u00e7a-feira (11), a presta\u00e7\u00e3o de contas dos primeiros cem dias do governo do prefeito Marcone Amaral. Coordenando o evento junto ao vice-prefeito, Leandro Junquilho, estiveram presentes vereadores, secret\u00e1rios municipais e comunidade itajuipense. A equipe de governo apresentou detalhes sobre as a\u00e7\u00f5es desenvolvidas no governo neste primeiros cem dias, numa noite em que a transpar\u00eancia foi o principal destaque.<\/h4>\n<h4 style=\"text-align: justify;\">O prefeito Marcone Amaral ressaltou a necessidade de se governar com honestidade e transpar\u00eancia, apresentando dados de uma economia de R$ 2.510.833,61 (dois milh\u00f5es, quinhentos e dez mil, oitocentos e trinta e tr\u00eas reais e sessenta e um centavos) realizada nos primeiros cem dias de governo, demonstrando que \u00e9 poss\u00edvel ajustar as contas e realizar importantes mudan\u00e7as na administra\u00e7\u00e3o municipal.<\/h4>\n<h4 style=\"text-align: justify;\">Apresentando dados sobre a auditoria, conv\u00eanios, contratos, folha salarial e contabilidade, o prefeito detalhou o fluxo de caixa destes tr\u00eas meses \u00e0 frente do governo. Com a economia realizada nestes primeiros meses mostrou um planejamento no qual ser\u00e1 poss\u00edvel realizar a reestrutura\u00e7\u00e3o das ruas, reformas emergenciais nos pr\u00e9dios e equipamentos p\u00fablicos municipais, estradas vicinais, entre outras.<\/h4>\n<h4 style=\"text-align: justify;\">Concluindo a presta\u00e7\u00e3o de contas, o prefeito salientou a import\u00e2ncia do slogan \u201cHonestidade para Governar\u201d como um grande norteador das a\u00e7\u00f5es de sua gest\u00e3o. Para o prefeito \u201cesta gest\u00e3o traz uma vis\u00e3o imparcial para todas as decis\u00f5es, realizando benef\u00edcios e desenvolvimento a todos, independente de grupos pol\u00edticos\u201d, finalizou.<\/h4>\n","protected":false},"excerpt":{"rendered":"<p>O Executivo realizou, nesta ter\u00e7a-feira (11), a presta\u00e7\u00e3o de contas dos primeiros cem dias do governo do prefeito Marcone Amaral. Coordenando o evento junto ao vice-prefeito, Leandro Junquilho, estiveram presentes vereadores, secret\u00e1rios municipais e comunidade itajuipense. A equipe de governo apresentou detalhes sobre as a\u00e7\u00f5es desenvolvidas no governo neste primeiros cem dias, numa noite em [&hellip;]<\/p>\n","protected":false},"author":2,"featured_media":0,"comment_status":"open","ping_status":"open","sticky":false,"template":"","format":"standard","meta":{"footnotes":"","_links_to":"","_links_to_target":""},"categories":[1],"tags":[],"class_list":["post-91577","post","type-post","status-publish","format-standard","hentry","category-geral"],"views":4397,"_links":{"self":[{"href":"https:\/\/www.politicosdosuldabahia.com.br\/v1\/wp-json\/wp\/v2\/posts\/91577"}],"collection":[{"href":"https:\/\/www.politicosdosuldabahia.com.br\/v1\/wp-json\/wp\/v2\/posts"}],"about":[{"href":"https:\/\/www.politicosdosuldabahia.com.br\/v1\/wp-json\/wp\/v2\/types\/post"}],"author":[{"embeddable":true,"href":"https:\/\/www.politicosdosuldabahia.com.br\/v1\/wp-json\/wp\/v2\/users\/2"}],"replies":[{"embeddable":true,"href":"https:\/\/www.politicosdosuldabahia.com.br\/v1\/wp-json\/wp\/v2\/comments?post=91577"}],"version-history":[{"count":1,"href":"https:\/\/www.politicosdosuldabahia.com.br\/v1\/wp-json\/wp\/v2\/posts\/91577\/revisions"}],"predecessor-version":[{"id":91579,"href":"https:\/\/www.politicosdosuldabahia.com.br\/v1\/wp-json\/wp\/v2\/posts\/91577\/revisions\/91579"}],"wp:attachment":[{"href":"https:\/\/www.politicosdosuldabahia.com.br\/v1\/wp-json\/wp\/v2\/media?parent=91577"}],"wp:term":[{"taxonomy":"category","embeddable":true,"href":"https:\/\/www.politicosdosuldabahia.com.br\/v1\/wp-json\/wp\/v2\/categories?post=91577"},{"taxonomy":"post_tag","embeddable":true,"href":"https:\/\/www.politicosdosuldabahia.com.br\/v1\/wp-json\/wp\/v2\/tags?post=91577"}],"curies":[{"name":"wp","href":"https:\/\/api.w.org\/{rel}","templated":true}]}}