
{"id":91007,"date":"2017-03-28T15:56:02","date_gmt":"2017-03-28T18:56:02","guid":{"rendered":"http:\/\/www.politicosdosuldabahia.com.br\/v1\/?p=91007"},"modified":"2017-03-28T18:29:46","modified_gmt":"2017-03-28T21:29:46","slug":"bahia-cnj-condenou-juiz-a-aposentadoria-compulsoria","status":"publish","type":"post","link":"https:\/\/www.politicosdosuldabahia.com.br\/v1\/2017\/03\/28\/bahia-cnj-condenou-juiz-a-aposentadoria-compulsoria\/","title":{"rendered":"BAHIA: CNJ CONDENOU JUIZ A APOSENTADORIA COMPULS\u00d3RIA"},"content":{"rendered":"<p><img loading=\"lazy\" decoding=\"async\" class=\"aligncenter wp-image-91008\" src=\"http:\/\/www.politicosdosuldabahia.com.br\/v1\/wp-content\/uploads\/2017\/03\/dddd.jpg\" alt=\"dddd\" width=\"455\" height=\"327\" srcset=\"https:\/\/www.politicosdosuldabahia.com.br\/v1\/wp-content\/uploads\/2017\/03\/dddd.jpg 1021w, https:\/\/www.politicosdosuldabahia.com.br\/v1\/wp-content\/uploads\/2017\/03\/dddd-300x215.jpg 300w, https:\/\/www.politicosdosuldabahia.com.br\/v1\/wp-content\/uploads\/2017\/03\/dddd-768x551.jpg 768w\" sizes=\"(max-width: 455px) 100vw, 455px\" \/><\/p>\n<h4 style=\"text-align: justify;\">O Plen\u00e1rio do Conselho Nacional de Justi\u00e7a (CNJ) condenou, o juiz do Tribunal de Justi\u00e7a do Estado da Bahia (TJBA) Vitor Manoel Sabino Xavier Bizerra \u00e0 pena de aposentadoria compuls\u00f3ria.<\/h4>\n<h4 style=\"text-align: justify;\">O magistrado, que j\u00e1 se encontra afastado h\u00e1 tr\u00eas anos, foi acusado de se valer de sua fun\u00e7\u00e3o \u00e0 frente da comarca de Sento S\u00e9, no interior da Bahia, para defender interesse pessoal relativo a quest\u00f5es fundi\u00e1rias envolvendo terras de sua propriedade.<\/h4>\n<h4 style=\"text-align: justify;\">Para a ministra C\u00e1rmen L\u00facia, a situa\u00e7\u00e3o refor\u00e7a que o estado patrimonialista brasileiro ainda n\u00e3o foi superado. \u201cReal\u00e7o a impossibilidade de um juiz permanecer na magistratura com esse tipo de conduta a ensejar que n\u00e3o se tenha a supera\u00e7\u00e3o de um estado de pouca civilidade\u201d, diz a ministra.<\/h4>\n<h4 style=\"text-align: justify;\">Apesar de a pena de aposentadoria compuls\u00f3ria acarretar a continuidade do recebimento de sal\u00e1rio proporcional pelo magistrado, em sua decis\u00e3o, o CNJ encaminha os autos ao Minist\u00e9rio P\u00fablico da Bahia para que seja apurada a conduta de improbidade administrativa na esfera judicial. Isso porque, por meio de uma decis\u00e3o judicial, a perman\u00eancia vital\u00edcia do magistrado no cargo poderia ser derrubada, o que geraria cassa\u00e7\u00e3o da aposentadoria.<\/h4>\n<h4 style=\"text-align: justify;\">IRREGULARIDADES NA ADO\u00c7\u00c3O DE CRIAN\u00c7AS \u2013<\/h4>\n<h4 style=\"text-align: justify;\">A conduta do juiz Vitor Bezerra j\u00e1 havia sido analisada pelo CNJ em um caso envolvendo a ado\u00e7\u00e3o de crian\u00e7as em Monte Santo\/BA. Em 2015, o Conselho concluiu pela comprova\u00e7\u00e3o de falhas processuais cometidas em a\u00e7\u00f5es de concess\u00e3o de guarda provis\u00f3ria de menores e em medida de prote\u00e7\u00e3o, o que resultariam pena de advert\u00eancia.<br \/>\nNo entanto, como o processo foi instaurado na sess\u00e3o plen\u00e1ria ocorrida em 23\/9\/2013 e julgado no dia 15\/12\/2015, quando a pena j\u00e1 havia vencido, o Plen\u00e1rio do \u00f3rg\u00e3o reconheceu, por unanimidade, a prescri\u00e7\u00e3o da penalidade.<\/h4>\n","protected":false},"excerpt":{"rendered":"<p>O Plen\u00e1rio do Conselho Nacional de Justi\u00e7a (CNJ) condenou, o juiz do Tribunal de Justi\u00e7a do Estado da Bahia (TJBA) Vitor Manoel Sabino Xavier Bizerra \u00e0 pena de aposentadoria compuls\u00f3ria. O magistrado, que j\u00e1 se encontra afastado h\u00e1 tr\u00eas anos, foi acusado de se valer de sua fun\u00e7\u00e3o \u00e0 frente da comarca de Sento S\u00e9, [&hellip;]<\/p>\n","protected":false},"author":2,"featured_media":91008,"comment_status":"open","ping_status":"open","sticky":false,"template":"","format":"standard","meta":{"footnotes":"","_links_to":"","_links_to_target":""},"categories":[23,1],"tags":[],"class_list":["post-91007","post","type-post","status-publish","format-standard","has-post-thumbnail","hentry","category-destaque1","category-geral"],"views":2143,"_links":{"self":[{"href":"https:\/\/www.politicosdosuldabahia.com.br\/v1\/wp-json\/wp\/v2\/posts\/91007"}],"collection":[{"href":"https:\/\/www.politicosdosuldabahia.com.br\/v1\/wp-json\/wp\/v2\/posts"}],"about":[{"href":"https:\/\/www.politicosdosuldabahia.com.br\/v1\/wp-json\/wp\/v2\/types\/post"}],"author":[{"embeddable":true,"href":"https:\/\/www.politicosdosuldabahia.com.br\/v1\/wp-json\/wp\/v2\/users\/2"}],"replies":[{"embeddable":true,"href":"https:\/\/www.politicosdosuldabahia.com.br\/v1\/wp-json\/wp\/v2\/comments?post=91007"}],"version-history":[{"count":1,"href":"https:\/\/www.politicosdosuldabahia.com.br\/v1\/wp-json\/wp\/v2\/posts\/91007\/revisions"}],"predecessor-version":[{"id":91009,"href":"https:\/\/www.politicosdosuldabahia.com.br\/v1\/wp-json\/wp\/v2\/posts\/91007\/revisions\/91009"}],"wp:featuredmedia":[{"embeddable":true,"href":"https:\/\/www.politicosdosuldabahia.com.br\/v1\/wp-json\/wp\/v2\/media\/91008"}],"wp:attachment":[{"href":"https:\/\/www.politicosdosuldabahia.com.br\/v1\/wp-json\/wp\/v2\/media?parent=91007"}],"wp:term":[{"taxonomy":"category","embeddable":true,"href":"https:\/\/www.politicosdosuldabahia.com.br\/v1\/wp-json\/wp\/v2\/categories?post=91007"},{"taxonomy":"post_tag","embeddable":true,"href":"https:\/\/www.politicosdosuldabahia.com.br\/v1\/wp-json\/wp\/v2\/tags?post=91007"}],"curies":[{"name":"wp","href":"https:\/\/api.w.org\/{rel}","templated":true}]}}