
{"id":90954,"date":"2017-03-27T18:07:48","date_gmt":"2017-03-27T21:07:48","guid":{"rendered":"http:\/\/www.politicosdosuldabahia.com.br\/v1\/?p=90954"},"modified":"2017-03-28T10:03:21","modified_gmt":"2017-03-28T13:03:21","slug":"ilheus-operacao-do-mp-deixa-politicos-com-nervos-a-flor-da-pele","status":"publish","type":"post","link":"https:\/\/www.politicosdosuldabahia.com.br\/v1\/2017\/03\/27\/ilheus-operacao-do-mp-deixa-politicos-com-nervos-a-flor-da-pele\/","title":{"rendered":"ILH\u00c9US: OPERA\u00c7\u00c3O DO MP DEIXA POL\u00cdTICOS COM NERVOS \u00c0 FLOR DA PELE"},"content":{"rendered":"<p><img loading=\"lazy\" decoding=\"async\" class=\"aligncenter wp-image-90955\" src=\"http:\/\/www.politicosdosuldabahia.com.br\/v1\/wp-content\/uploads\/2017\/03\/20170325_misterio.jpg\" alt=\"20170325_misterio\" width=\"455\" height=\"202\" srcset=\"https:\/\/www.politicosdosuldabahia.com.br\/v1\/wp-content\/uploads\/2017\/03\/20170325_misterio.jpg 600w, https:\/\/www.politicosdosuldabahia.com.br\/v1\/wp-content\/uploads\/2017\/03\/20170325_misterio-300x134.jpg 300w\" sizes=\"(max-width: 455px) 100vw, 455px\" \/><\/p>\n<h4 style=\"text-align: justify;\">A \u201cOpera\u00e7\u00e3o Citrus\u201d tem causado grande tens\u00e3o personalidades da pol\u00edtica de Ilh\u00e9us. A expectativa \u00e9 que uma poss\u00edvel dela\u00e7\u00e3o premiada poder\u00e1 deixar muita gente com motivo para contratar um renomado advogado criminalista.<\/h4>\n<h4 style=\"text-align: justify;\">A opera\u00e7\u00e3o foi realizada na semana passada e levou para pris\u00e3o seis pessoas, incluindo o vereador Jamil (PP).<\/h4>\n<h4 style=\"text-align: justify;\">Segundo apurado em investiga\u00e7\u00e3o realizada pelo MP, o grupo opera desde 2009 celebrando contratos com o Munic\u00edpio de Ilh\u00e9us para o fornecimento de bens diversos utilizando as rubricas gen\u00e9ricas de \u201cg\u00eaneros aliment\u00edcios\u201d e \u201cmateriais de expedientes\/escrit\u00f3rio\u201d. O esquema contava com a participa\u00e7\u00e3o de agentes p\u00fablicos do primeiro escal\u00e3o do governo municipal e, conforme comprovado no per\u00edodo da investiga\u00e7\u00e3o, as empresas envolvidas receberam mais de R$ 20 milh\u00f5es decorrentes de contrata\u00e7\u00f5es com a Prefeitura Municipal de Ilh\u00e9us.<\/h4>\n","protected":false},"excerpt":{"rendered":"<p>A \u201cOpera\u00e7\u00e3o Citrus\u201d tem causado grande tens\u00e3o personalidades da pol\u00edtica de Ilh\u00e9us. A expectativa \u00e9 que uma poss\u00edvel dela\u00e7\u00e3o premiada poder\u00e1 deixar muita gente com motivo para contratar um renomado advogado criminalista. A opera\u00e7\u00e3o foi realizada na semana passada e levou para pris\u00e3o seis pessoas, incluindo o vereador Jamil (PP). Segundo apurado em investiga\u00e7\u00e3o realizada [&hellip;]<\/p>\n","protected":false},"author":2,"featured_media":90955,"comment_status":"open","ping_status":"open","sticky":false,"template":"","format":"standard","meta":{"footnotes":"","_links_to":"","_links_to_target":""},"categories":[23,1],"tags":[],"class_list":["post-90954","post","type-post","status-publish","format-standard","has-post-thumbnail","hentry","category-destaque1","category-geral"],"views":1425,"_links":{"self":[{"href":"https:\/\/www.politicosdosuldabahia.com.br\/v1\/wp-json\/wp\/v2\/posts\/90954"}],"collection":[{"href":"https:\/\/www.politicosdosuldabahia.com.br\/v1\/wp-json\/wp\/v2\/posts"}],"about":[{"href":"https:\/\/www.politicosdosuldabahia.com.br\/v1\/wp-json\/wp\/v2\/types\/post"}],"author":[{"embeddable":true,"href":"https:\/\/www.politicosdosuldabahia.com.br\/v1\/wp-json\/wp\/v2\/users\/2"}],"replies":[{"embeddable":true,"href":"https:\/\/www.politicosdosuldabahia.com.br\/v1\/wp-json\/wp\/v2\/comments?post=90954"}],"version-history":[{"count":1,"href":"https:\/\/www.politicosdosuldabahia.com.br\/v1\/wp-json\/wp\/v2\/posts\/90954\/revisions"}],"predecessor-version":[{"id":90956,"href":"https:\/\/www.politicosdosuldabahia.com.br\/v1\/wp-json\/wp\/v2\/posts\/90954\/revisions\/90956"}],"wp:featuredmedia":[{"embeddable":true,"href":"https:\/\/www.politicosdosuldabahia.com.br\/v1\/wp-json\/wp\/v2\/media\/90955"}],"wp:attachment":[{"href":"https:\/\/www.politicosdosuldabahia.com.br\/v1\/wp-json\/wp\/v2\/media?parent=90954"}],"wp:term":[{"taxonomy":"category","embeddable":true,"href":"https:\/\/www.politicosdosuldabahia.com.br\/v1\/wp-json\/wp\/v2\/categories?post=90954"},{"taxonomy":"post_tag","embeddable":true,"href":"https:\/\/www.politicosdosuldabahia.com.br\/v1\/wp-json\/wp\/v2\/tags?post=90954"}],"curies":[{"name":"wp","href":"https:\/\/api.w.org\/{rel}","templated":true}]}}