
{"id":90895,"date":"2017-03-24T09:30:10","date_gmt":"2017-03-24T12:30:10","guid":{"rendered":"http:\/\/www.politicosdosuldabahia.com.br\/v1\/?p=90895"},"modified":"2017-03-24T14:57:20","modified_gmt":"2017-03-24T17:57:20","slug":"itabuna-tcm-mantem-rejeicao-de-contas-e-ex-prefeito-tera-que-devolver-mais-de-r-780-mil","status":"publish","type":"post","link":"https:\/\/www.politicosdosuldabahia.com.br\/v1\/2017\/03\/24\/itabuna-tcm-mantem-rejeicao-de-contas-e-ex-prefeito-tera-que-devolver-mais-de-r-780-mil\/","title":{"rendered":"ITABUNA: TCM MANT\u00c9M REJEI\u00c7\u00c3O DE CONTAS E EX-PREFEITO  TER\u00c1 QUE DEVOLVER MAIS DE R$ 780 MIL"},"content":{"rendered":"<p><img loading=\"lazy\" decoding=\"async\" class=\"aligncenter wp-image-82834\" src=\"http:\/\/www.politicosdosuldabahia.com.br\/v1\/wp-content\/uploads\/2016\/04\/vaneeeeeeeeeeeeeeeeeeee.jpg\" alt=\"vaneeeeeeeeeeeeeeeeeeee\" width=\"455\" height=\"302\" \/><\/p>\n<h4 style=\"text-align: justify;\">O ex-prefeito de Itabuna, Vane do Renascer (PRB), entrou com um pedido de reconsidera\u00e7\u00e3o no Tribunal de Contas dos Munic\u00edpios (TCM), para reverter a rejei\u00e7\u00e3o de suas contas referentes ao ano de 2015.<\/h4>\n<h4 style=\"text-align: justify;\">O TCM tinha rejeitado as contas em raz\u00e3o da abertura de Cr\u00e9ditos Adicionais Suplementares sem autoriza\u00e7\u00e3o Legislativa e a pagamentos irregulares de despesas (viagens sem discriminar motivos, aus\u00eancias de comprova\u00e7\u00e3o da execu\u00e7\u00e3o dos servi\u00e7os, aus\u00eancias de notas fiscais e\/ou recibos, al\u00e9m aviso de lan\u00e7amento), totalizando R$737.898,99.<\/h4>\n<h4 style=\"text-align: justify;\">O Conselheiro Pl\u00ednio Carneiro Filho, reconheceu o recurso, mas negou provimento, entendendo que a defesa n\u00e3o apresentou fato novo, por isso manteve a rejei\u00e7\u00e3o e na \u00edntegra o parecer pr\u00e9vio.<\/h4>\n<p><img loading=\"lazy\" decoding=\"async\" class=\"aligncenter wp-image-90896\" src=\"http:\/\/www.politicosdosuldabahia.com.br\/v1\/wp-content\/uploads\/2017\/03\/32527prefeito-de-canavieiras-culpa-equipe-amadora-por-valor-dobrado-em-contrato-2-1.jpg\" alt=\"32527,prefeito-de-canavieiras-culpa-equipe-amadora-por-valor-dobrado-em-contrato-2\" width=\"455\" height=\"260\" srcset=\"https:\/\/www.politicosdosuldabahia.com.br\/v1\/wp-content\/uploads\/2017\/03\/32527prefeito-de-canavieiras-culpa-equipe-amadora-por-valor-dobrado-em-contrato-2-1.jpg 683w, https:\/\/www.politicosdosuldabahia.com.br\/v1\/wp-content\/uploads\/2017\/03\/32527prefeito-de-canavieiras-culpa-equipe-amadora-por-valor-dobrado-em-contrato-2-1-300x171.jpg 300w\" sizes=\"(max-width: 455px) 100vw, 455px\" \/><\/p>\n","protected":false},"excerpt":{"rendered":"<p>O ex-prefeito de Itabuna, Vane do Renascer (PRB), entrou com um pedido de reconsidera\u00e7\u00e3o no Tribunal de Contas dos Munic\u00edpios (TCM), para reverter a rejei\u00e7\u00e3o de suas contas referentes ao ano de 2015. O TCM tinha rejeitado as contas em raz\u00e3o da abertura de Cr\u00e9ditos Adicionais Suplementares sem autoriza\u00e7\u00e3o Legislativa e a pagamentos irregulares de [&hellip;]<\/p>\n","protected":false},"author":2,"featured_media":82834,"comment_status":"open","ping_status":"open","sticky":false,"template":"","format":"standard","meta":{"footnotes":"","_links_to":"","_links_to_target":""},"categories":[24,1],"tags":[],"class_list":["post-90895","post","type-post","status-publish","format-standard","has-post-thumbnail","hentry","category-destaque2","category-geral"],"views":3892,"_links":{"self":[{"href":"https:\/\/www.politicosdosuldabahia.com.br\/v1\/wp-json\/wp\/v2\/posts\/90895"}],"collection":[{"href":"https:\/\/www.politicosdosuldabahia.com.br\/v1\/wp-json\/wp\/v2\/posts"}],"about":[{"href":"https:\/\/www.politicosdosuldabahia.com.br\/v1\/wp-json\/wp\/v2\/types\/post"}],"author":[{"embeddable":true,"href":"https:\/\/www.politicosdosuldabahia.com.br\/v1\/wp-json\/wp\/v2\/users\/2"}],"replies":[{"embeddable":true,"href":"https:\/\/www.politicosdosuldabahia.com.br\/v1\/wp-json\/wp\/v2\/comments?post=90895"}],"version-history":[{"count":2,"href":"https:\/\/www.politicosdosuldabahia.com.br\/v1\/wp-json\/wp\/v2\/posts\/90895\/revisions"}],"predecessor-version":[{"id":90898,"href":"https:\/\/www.politicosdosuldabahia.com.br\/v1\/wp-json\/wp\/v2\/posts\/90895\/revisions\/90898"}],"wp:featuredmedia":[{"embeddable":true,"href":"https:\/\/www.politicosdosuldabahia.com.br\/v1\/wp-json\/wp\/v2\/media\/82834"}],"wp:attachment":[{"href":"https:\/\/www.politicosdosuldabahia.com.br\/v1\/wp-json\/wp\/v2\/media?parent=90895"}],"wp:term":[{"taxonomy":"category","embeddable":true,"href":"https:\/\/www.politicosdosuldabahia.com.br\/v1\/wp-json\/wp\/v2\/categories?post=90895"},{"taxonomy":"post_tag","embeddable":true,"href":"https:\/\/www.politicosdosuldabahia.com.br\/v1\/wp-json\/wp\/v2\/tags?post=90895"}],"curies":[{"name":"wp","href":"https:\/\/api.w.org\/{rel}","templated":true}]}}