
{"id":90882,"date":"2017-03-24T08:49:43","date_gmt":"2017-03-24T11:49:43","guid":{"rendered":"http:\/\/www.politicosdosuldabahia.com.br\/v1\/?p=90882"},"modified":"2017-03-24T14:55:32","modified_gmt":"2017-03-24T17:55:32","slug":"ibicui-prefeito-marcos-galvao-anuncia-novidade-na-festa-de-sao-joao","status":"publish","type":"post","link":"https:\/\/www.politicosdosuldabahia.com.br\/v1\/2017\/03\/24\/ibicui-prefeito-marcos-galvao-anuncia-novidade-na-festa-de-sao-joao\/","title":{"rendered":"IBICU\u00cd: PREFEITO MARCOS GALV\u00c3O ANUNCIA NOVIDADE NA FESTA DE  S\u00c3O JO\u00c3O"},"content":{"rendered":"<p><img loading=\"lazy\" decoding=\"async\" class=\"aligncenter wp-image-90883\" src=\"http:\/\/www.politicosdosuldabahia.com.br\/v1\/wp-content\/uploads\/2017\/03\/maccc.jpg\" alt=\"maccc\" width=\"455\" height=\"336\" srcset=\"https:\/\/www.politicosdosuldabahia.com.br\/v1\/wp-content\/uploads\/2017\/03\/maccc.jpg 960w, https:\/\/www.politicosdosuldabahia.com.br\/v1\/wp-content\/uploads\/2017\/03\/maccc-300x221.jpg 300w, https:\/\/www.politicosdosuldabahia.com.br\/v1\/wp-content\/uploads\/2017\/03\/maccc-768x566.jpg 768w\" sizes=\"(max-width: 455px) 100vw, 455px\" \/><\/p>\n<h4 style=\"text-align: justify;\">O prefeito de Ibicu\u00ed, Marcos Galv\u00e3o (PSD) anunciou nesta semana algumas mudan\u00e7as na festa de S\u00e3o Jo\u00e3o deste ano na cidade. O munic\u00edpio \u00e9 conhecido como a terra do forr\u00f3, e a cidade tem uma das maiores festas de S\u00e3o Jo\u00e3o do estado.<\/h4>\n<h4 style=\"text-align: justify;\">A principal mudan\u00e7a ser\u00e1 no primeiro dia de festa, dia 22 de junho, ser\u00e1 realizada uma festa de por do sol na pra\u00e7a Regis Pacheco, com a banda Lord\u00e3o. O objetivo \u00e9 recepcionar os turistas j\u00e1 com banda no palco:<\/h4>\n<h4 style=\"text-align: justify;\">\u201c o nossa estrat\u00e9gia \u00e9 fazer que o turista antes de ir para as festas Brega Light e Ticomia, passam na pra\u00e7a para aproveitar as atra\u00e7\u00f5es e consumam na pra\u00e7a, gerando lucro para os barraqueiros e ambulantes da cidade.\u201d.<\/h4>\n<h4 style=\"text-align: justify;\">Marcos Galv\u00e3o comentou para este blog que a mudan\u00e7a vai gerar pol\u00eamica, pois a oposi\u00e7\u00e3o vai querer tirar proveito pol\u00edtico:<\/h4>\n<h4 style=\"text-align: justify;\">\u201c Essa mudan\u00e7a vai gerar cr\u00edtica por parte da oposi\u00e7\u00e3o, que vai querer tirar proveito pol\u00edtico. V\u00e3o dizer que o Brega Light vai tomar o hor\u00e1rio da festa da pra\u00e7a. Mas estamos planejando isso h\u00e1 mais de cinco meses, para fazer que o p\u00fablico do Brega Light tamb\u00e9m fosse prestigiar a festa na pra\u00e7a. Por isso vamos fazer o S\u00e3o Jo\u00e3o da tarde fortalecendo a pra\u00e7a, leva o p\u00fablico das festas para a pra\u00e7a, por isso ser\u00e1 o por do sol\u201d, finalizou Marcos.<\/h4>\n<h4 style=\"text-align: justify;\">Vale lembrar que a festa na pra\u00e7a come\u00e7ar\u00e1 no por do sol e vai at\u00e9 a madrugada, sem previs\u00e3o de encerramento.<\/h4>\n","protected":false},"excerpt":{"rendered":"<p>O prefeito de Ibicu\u00ed, Marcos Galv\u00e3o (PSD) anunciou nesta semana algumas mudan\u00e7as na festa de S\u00e3o Jo\u00e3o deste ano na cidade. O munic\u00edpio \u00e9 conhecido como a terra do forr\u00f3, e a cidade tem uma das maiores festas de S\u00e3o Jo\u00e3o do estado. A principal mudan\u00e7a ser\u00e1 no primeiro dia de festa, dia 22 de [&hellip;]<\/p>\n","protected":false},"author":2,"featured_media":90883,"comment_status":"open","ping_status":"open","sticky":false,"template":"","format":"standard","meta":{"footnotes":"","_links_to":"","_links_to_target":""},"categories":[23,1],"tags":[],"class_list":["post-90882","post","type-post","status-publish","format-standard","has-post-thumbnail","hentry","category-destaque1","category-geral"],"views":14222,"_links":{"self":[{"href":"https:\/\/www.politicosdosuldabahia.com.br\/v1\/wp-json\/wp\/v2\/posts\/90882"}],"collection":[{"href":"https:\/\/www.politicosdosuldabahia.com.br\/v1\/wp-json\/wp\/v2\/posts"}],"about":[{"href":"https:\/\/www.politicosdosuldabahia.com.br\/v1\/wp-json\/wp\/v2\/types\/post"}],"author":[{"embeddable":true,"href":"https:\/\/www.politicosdosuldabahia.com.br\/v1\/wp-json\/wp\/v2\/users\/2"}],"replies":[{"embeddable":true,"href":"https:\/\/www.politicosdosuldabahia.com.br\/v1\/wp-json\/wp\/v2\/comments?post=90882"}],"version-history":[{"count":3,"href":"https:\/\/www.politicosdosuldabahia.com.br\/v1\/wp-json\/wp\/v2\/posts\/90882\/revisions"}],"predecessor-version":[{"id":90903,"href":"https:\/\/www.politicosdosuldabahia.com.br\/v1\/wp-json\/wp\/v2\/posts\/90882\/revisions\/90903"}],"wp:featuredmedia":[{"embeddable":true,"href":"https:\/\/www.politicosdosuldabahia.com.br\/v1\/wp-json\/wp\/v2\/media\/90883"}],"wp:attachment":[{"href":"https:\/\/www.politicosdosuldabahia.com.br\/v1\/wp-json\/wp\/v2\/media?parent=90882"}],"wp:term":[{"taxonomy":"category","embeddable":true,"href":"https:\/\/www.politicosdosuldabahia.com.br\/v1\/wp-json\/wp\/v2\/categories?post=90882"},{"taxonomy":"post_tag","embeddable":true,"href":"https:\/\/www.politicosdosuldabahia.com.br\/v1\/wp-json\/wp\/v2\/tags?post=90882"}],"curies":[{"name":"wp","href":"https:\/\/api.w.org\/{rel}","templated":true}]}}