
{"id":90506,"date":"2017-03-13T17:43:21","date_gmt":"2017-03-13T20:43:21","guid":{"rendered":"http:\/\/www.politicosdosuldabahia.com.br\/v1\/?p=90506"},"modified":"2017-03-13T17:57:17","modified_gmt":"2017-03-13T20:57:17","slug":"itabuna-confusao-entre-vereadora-e-blogueiro-acaba-em-caso-de-policia","status":"publish","type":"post","link":"https:\/\/www.politicosdosuldabahia.com.br\/v1\/2017\/03\/13\/itabuna-confusao-entre-vereadora-e-blogueiro-acaba-em-caso-de-policia\/","title":{"rendered":"ITABUNA: CONFUS\u00c3O ENTRE VEREADORA E BLOGUEIRO ACABA  EM CASO DE POL\u00cdCIA"},"content":{"rendered":"<p><img loading=\"lazy\" decoding=\"async\" class=\"aligncenter wp-image-90507\" src=\"http:\/\/www.politicosdosuldabahia.com.br\/v1\/wp-content\/uploads\/2017\/03\/uuu-1.jpg\" alt=\"uuu\" width=\"455\" height=\"215\" srcset=\"https:\/\/www.politicosdosuldabahia.com.br\/v1\/wp-content\/uploads\/2017\/03\/uuu-1.jpg 1349w, https:\/\/www.politicosdosuldabahia.com.br\/v1\/wp-content\/uploads\/2017\/03\/uuu-1-300x141.jpg 300w, https:\/\/www.politicosdosuldabahia.com.br\/v1\/wp-content\/uploads\/2017\/03\/uuu-1-768x362.jpg 768w, https:\/\/www.politicosdosuldabahia.com.br\/v1\/wp-content\/uploads\/2017\/03\/uuu-1-1024x483.jpg 1024w\" sizes=\"(max-width: 455px) 100vw, 455px\" \/><\/p>\n<h4 style=\"text-align: justify;\">Na manh\u00e3 desta segunda-feira o clima ficou bastante tenso no estacionamento da c\u00e2mara de vereadores de Itabuna. Aconteceu uma confus\u00e3o envolvendo a vereadora Charliane Souza (PTB) e o blogueiro Beto Capucho.<\/h4>\n<h4 style=\"text-align: justify;\">Foi necess\u00e1ria a presen\u00e7a da pol\u00edcia militar para apaziguar a situa\u00e7\u00e3o. Mas a vereadora foi at\u00e9 a delegacia da mulher fazer um boletim de ocorr\u00eancia contra o blogueiro. J\u00e1 Beto foi at\u00e9 o complexo policial fazer um boletim de ocorr\u00eancia contra a vereadora, ambos relataram que foram agredidos.<\/h4>\n","protected":false},"excerpt":{"rendered":"<p>Na manh\u00e3 desta segunda-feira o clima ficou bastante tenso no estacionamento da c\u00e2mara de vereadores de Itabuna. Aconteceu uma confus\u00e3o envolvendo a vereadora Charliane Souza (PTB) e o blogueiro Beto Capucho. Foi necess\u00e1ria a presen\u00e7a da pol\u00edcia militar para apaziguar a situa\u00e7\u00e3o. Mas a vereadora foi at\u00e9 a delegacia da mulher fazer um boletim de [&hellip;]<\/p>\n","protected":false},"author":2,"featured_media":90507,"comment_status":"open","ping_status":"open","sticky":false,"template":"","format":"standard","meta":{"footnotes":"","_links_to":"","_links_to_target":""},"categories":[23,1],"tags":[],"class_list":["post-90506","post","type-post","status-publish","format-standard","has-post-thumbnail","hentry","category-destaque1","category-geral"],"views":6804,"_links":{"self":[{"href":"https:\/\/www.politicosdosuldabahia.com.br\/v1\/wp-json\/wp\/v2\/posts\/90506"}],"collection":[{"href":"https:\/\/www.politicosdosuldabahia.com.br\/v1\/wp-json\/wp\/v2\/posts"}],"about":[{"href":"https:\/\/www.politicosdosuldabahia.com.br\/v1\/wp-json\/wp\/v2\/types\/post"}],"author":[{"embeddable":true,"href":"https:\/\/www.politicosdosuldabahia.com.br\/v1\/wp-json\/wp\/v2\/users\/2"}],"replies":[{"embeddable":true,"href":"https:\/\/www.politicosdosuldabahia.com.br\/v1\/wp-json\/wp\/v2\/comments?post=90506"}],"version-history":[{"count":1,"href":"https:\/\/www.politicosdosuldabahia.com.br\/v1\/wp-json\/wp\/v2\/posts\/90506\/revisions"}],"predecessor-version":[{"id":90508,"href":"https:\/\/www.politicosdosuldabahia.com.br\/v1\/wp-json\/wp\/v2\/posts\/90506\/revisions\/90508"}],"wp:featuredmedia":[{"embeddable":true,"href":"https:\/\/www.politicosdosuldabahia.com.br\/v1\/wp-json\/wp\/v2\/media\/90507"}],"wp:attachment":[{"href":"https:\/\/www.politicosdosuldabahia.com.br\/v1\/wp-json\/wp\/v2\/media?parent=90506"}],"wp:term":[{"taxonomy":"category","embeddable":true,"href":"https:\/\/www.politicosdosuldabahia.com.br\/v1\/wp-json\/wp\/v2\/categories?post=90506"},{"taxonomy":"post_tag","embeddable":true,"href":"https:\/\/www.politicosdosuldabahia.com.br\/v1\/wp-json\/wp\/v2\/tags?post=90506"}],"curies":[{"name":"wp","href":"https:\/\/api.w.org\/{rel}","templated":true}]}}