
{"id":905,"date":"2009-11-04T15:42:31","date_gmt":"2009-11-04T18:42:31","guid":{"rendered":"http:\/\/www.politicosdosuldabahia.com.br\/v1\/2009\/11\/04\/exclusivo-atacadao-da-carrefour-sera-em-ilheus\/"},"modified":"2009-11-04T15:42:31","modified_gmt":"2009-11-04T18:42:31","slug":"exclusivo-atacadao-da-carrefour-sera-em-ilheus","status":"publish","type":"post","link":"https:\/\/www.politicosdosuldabahia.com.br\/v1\/2009\/11\/04\/exclusivo-atacadao-da-carrefour-sera-em-ilheus\/","title":{"rendered":"EXCLUSIVO! ATACAD\u00c3O DA CARREFOUR SER\u00c1 EM ILH\u00c9US"},"content":{"rendered":"<h4 style=\"text-align: justify;\"><span style=\"color: #000000;\">Uma fonte do primeiro escal\u00e3o do governo de Ilh\u00e9us informou a este blogueiro que o hipermercado \u201cAtacad\u00e3o\u201d ser\u00e1 constru\u00eddo no territ\u00f3rio de Ilh\u00e9us.<\/span><\/h4>\n<h4 style=\"text-align: justify;\"><span style=\"color: #ffffff;\">.<\/span><\/h4>\n<h4 style=\"text-align: justify;\"><span style=\"color: #000000;\">Segunda essa fonte, a documenta\u00e7\u00e3o j\u00e1 est\u00e1 sendo regulamentada na prefeitura, e em quest\u00e3o de pouco tempo estar\u00e1 tudo oficializado. A \u00e1rea fica onde atualmente \u00e9 uma fazenda, na rodovia Ilh\u00e9us-Itabuna, que faz parte do territ\u00f3rio de Ilh\u00e9us.<\/span><\/h4>\n<h4 style=\"text-align: justify;\"><span style=\"color: #ffffff;\">.<\/span><\/h4>\n<h4 style=\"text-align: justify;\"><span style=\"color: #000000;\">O atacad\u00e3o pertence ao grupo Franc\u00eas \u201cCarrefour\u201d, e desde o in\u00edcio do ano que a prefeitura de Itabuna estava tentando viabilizar a constru\u00e7\u00e3o do hipermercado no munic\u00edpio, mas n\u00e3o conseguiu obter \u00eaxito.<\/span><\/h4>\n<h4 style=\"text-align: justify;\"><span style=\"color: #ffffff;\">.<\/span><\/h4>\n<h4 style=\"text-align: justify;\"><span style=\"color: #000000;\">Isso mostra que a prefeitura de Ilh\u00e9us foi mais competente e conseguiu assegurar um investimento bastante interessante para os cofres do munic\u00edpio.<\/span><\/h4>\n","protected":false},"excerpt":{"rendered":"<p>Uma fonte do primeiro escal\u00e3o do governo de Ilh\u00e9us informou a este blogueiro que o hipermercado \u201cAtacad\u00e3o\u201d ser\u00e1 constru\u00eddo no territ\u00f3rio de Ilh\u00e9us. . Segunda essa fonte, a documenta\u00e7\u00e3o j\u00e1 est\u00e1 sendo regulamentada na prefeitura, e em quest\u00e3o de pouco tempo estar\u00e1 tudo oficializado. A \u00e1rea fica onde atualmente \u00e9 uma fazenda, na rodovia Ilh\u00e9us-Itabuna, [&hellip;]<\/p>\n","protected":false},"author":2,"featured_media":0,"comment_status":"open","ping_status":"open","sticky":false,"template":"","format":"standard","meta":{"footnotes":"","_links_to":"","_links_to_target":""},"categories":[3],"tags":[],"class_list":["post-905","post","type-post","status-publish","format-standard","hentry","category-cidades"],"views":9455,"_links":{"self":[{"href":"https:\/\/www.politicosdosuldabahia.com.br\/v1\/wp-json\/wp\/v2\/posts\/905"}],"collection":[{"href":"https:\/\/www.politicosdosuldabahia.com.br\/v1\/wp-json\/wp\/v2\/posts"}],"about":[{"href":"https:\/\/www.politicosdosuldabahia.com.br\/v1\/wp-json\/wp\/v2\/types\/post"}],"author":[{"embeddable":true,"href":"https:\/\/www.politicosdosuldabahia.com.br\/v1\/wp-json\/wp\/v2\/users\/2"}],"replies":[{"embeddable":true,"href":"https:\/\/www.politicosdosuldabahia.com.br\/v1\/wp-json\/wp\/v2\/comments?post=905"}],"version-history":[{"count":0,"href":"https:\/\/www.politicosdosuldabahia.com.br\/v1\/wp-json\/wp\/v2\/posts\/905\/revisions"}],"wp:attachment":[{"href":"https:\/\/www.politicosdosuldabahia.com.br\/v1\/wp-json\/wp\/v2\/media?parent=905"}],"wp:term":[{"taxonomy":"category","embeddable":true,"href":"https:\/\/www.politicosdosuldabahia.com.br\/v1\/wp-json\/wp\/v2\/categories?post=905"},{"taxonomy":"post_tag","embeddable":true,"href":"https:\/\/www.politicosdosuldabahia.com.br\/v1\/wp-json\/wp\/v2\/tags?post=905"}],"curies":[{"name":"wp","href":"https:\/\/api.w.org\/{rel}","templated":true}]}}