
{"id":90475,"date":"2017-03-13T08:33:54","date_gmt":"2017-03-13T11:33:54","guid":{"rendered":"http:\/\/www.politicosdosuldabahia.com.br\/v1\/?p=90475"},"modified":"2017-03-13T17:58:30","modified_gmt":"2017-03-13T20:58:30","slug":"ibicui-empresario-negocia-compra-de-fazenda-do-grupo-odebrecht-por-r-25-milhoes","status":"publish","type":"post","link":"https:\/\/www.politicosdosuldabahia.com.br\/v1\/2017\/03\/13\/ibicui-empresario-negocia-compra-de-fazenda-do-grupo-odebrecht-por-r-25-milhoes\/","title":{"rendered":"IBICU\u00cd: EMPRES\u00c1RIO NEGOCIA COMPRA DE FAZENDA DO GRUPO ODEBRECHT POR R$ 25 MILH\u00d5ES"},"content":{"rendered":"<p><img loading=\"lazy\" decoding=\"async\" class=\"aligncenter wp-image-90476\" src=\"http:\/\/www.politicosdosuldabahia.com.br\/v1\/wp-content\/uploads\/2017\/03\/od.jpeg\" alt=\"od\" width=\"455\" height=\"256\" srcset=\"https:\/\/www.politicosdosuldabahia.com.br\/v1\/wp-content\/uploads\/2017\/03\/od.jpeg 810w, https:\/\/www.politicosdosuldabahia.com.br\/v1\/wp-content\/uploads\/2017\/03\/od-300x169.jpeg 300w, https:\/\/www.politicosdosuldabahia.com.br\/v1\/wp-content\/uploads\/2017\/03\/od-768x431.jpeg 768w\" sizes=\"(max-width: 455px) 100vw, 455px\" \/><\/p>\n<h4 style=\"text-align: justify;\">Um empres\u00e1rio dono de uma grande rede de postos de combust\u00edveis no estado est\u00e1 negociando a compra de 250 alqueires de uma fazenda do grupo Odebrecht no munic\u00edpio de Ibicu\u00ed.<\/h4>\n<h4 style=\"text-align: justify;\">Pelo valor de mercado de fazendas na regi\u00e3o, o valor m\u00ednimo da negocia\u00e7\u00e3o dever\u00e1 ser R$ 25 milh\u00f5es. Se a negocia\u00e7\u00e3o for conclu\u00edda, a prefeitura dever\u00e1 receber um valor expressivo do Imposto sobre Transmiss\u00e3o de Bens Im\u00f3veis (ITBI).<\/h4>\n<h4 style=\"text-align: justify;\">O empres\u00e1rio \u00e9 bastante conhecido no meio pol\u00edtico da Bahia, ele \u00e9 irm\u00e3o de um pol\u00edtico de grande express\u00e3o.<\/h4>\n","protected":false},"excerpt":{"rendered":"<p>Um empres\u00e1rio dono de uma grande rede de postos de combust\u00edveis no estado est\u00e1 negociando a compra de 250 alqueires de uma fazenda do grupo Odebrecht no munic\u00edpio de Ibicu\u00ed. Pelo valor de mercado de fazendas na regi\u00e3o, o valor m\u00ednimo da negocia\u00e7\u00e3o dever\u00e1 ser R$ 25 milh\u00f5es. Se a negocia\u00e7\u00e3o for conclu\u00edda, a prefeitura [&hellip;]<\/p>\n","protected":false},"author":2,"featured_media":90476,"comment_status":"open","ping_status":"open","sticky":false,"template":"","format":"standard","meta":{"footnotes":"","_links_to":"","_links_to_target":""},"categories":[24,1],"tags":[],"class_list":["post-90475","post","type-post","status-publish","format-standard","has-post-thumbnail","hentry","category-destaque2","category-geral"],"views":5228,"_links":{"self":[{"href":"https:\/\/www.politicosdosuldabahia.com.br\/v1\/wp-json\/wp\/v2\/posts\/90475"}],"collection":[{"href":"https:\/\/www.politicosdosuldabahia.com.br\/v1\/wp-json\/wp\/v2\/posts"}],"about":[{"href":"https:\/\/www.politicosdosuldabahia.com.br\/v1\/wp-json\/wp\/v2\/types\/post"}],"author":[{"embeddable":true,"href":"https:\/\/www.politicosdosuldabahia.com.br\/v1\/wp-json\/wp\/v2\/users\/2"}],"replies":[{"embeddable":true,"href":"https:\/\/www.politicosdosuldabahia.com.br\/v1\/wp-json\/wp\/v2\/comments?post=90475"}],"version-history":[{"count":1,"href":"https:\/\/www.politicosdosuldabahia.com.br\/v1\/wp-json\/wp\/v2\/posts\/90475\/revisions"}],"predecessor-version":[{"id":90477,"href":"https:\/\/www.politicosdosuldabahia.com.br\/v1\/wp-json\/wp\/v2\/posts\/90475\/revisions\/90477"}],"wp:featuredmedia":[{"embeddable":true,"href":"https:\/\/www.politicosdosuldabahia.com.br\/v1\/wp-json\/wp\/v2\/media\/90476"}],"wp:attachment":[{"href":"https:\/\/www.politicosdosuldabahia.com.br\/v1\/wp-json\/wp\/v2\/media?parent=90475"}],"wp:term":[{"taxonomy":"category","embeddable":true,"href":"https:\/\/www.politicosdosuldabahia.com.br\/v1\/wp-json\/wp\/v2\/categories?post=90475"},{"taxonomy":"post_tag","embeddable":true,"href":"https:\/\/www.politicosdosuldabahia.com.br\/v1\/wp-json\/wp\/v2\/tags?post=90475"}],"curies":[{"name":"wp","href":"https:\/\/api.w.org\/{rel}","templated":true}]}}