
{"id":90409,"date":"2017-03-09T18:47:28","date_gmt":"2017-03-09T21:47:28","guid":{"rendered":"http:\/\/www.politicosdosuldabahia.com.br\/v1\/?p=90409"},"modified":"2017-03-09T18:48:52","modified_gmt":"2017-03-09T21:48:52","slug":"itabuna-5a-ciretran-entre-gilson-nascimento-e-lenildo-santana","status":"publish","type":"post","link":"https:\/\/www.politicosdosuldabahia.com.br\/v1\/2017\/03\/09\/itabuna-5a-ciretran-entre-gilson-nascimento-e-lenildo-santana\/","title":{"rendered":"ITABUNA: 5\u00aa CIRETRAN ENTRE GILSON NASCIMENTO E LENILDO SANTANA"},"content":{"rendered":"<p><img loading=\"lazy\" decoding=\"async\" class=\"aligncenter wp-image-83252\" src=\"http:\/\/www.politicosdosuldabahia.com.br\/v1\/wp-content\/uploads\/2016\/05\/Lenildo-Santana-FOTO-MARCOS-SOUZA-1.jpg\" alt=\"Lenildo-Santana-FOTO-MARCOS-SOUZA-1\" width=\"455\" height=\"305\" \/><\/p>\n<h4 style=\"text-align: justify;\">Nesta semana foi publicada no di\u00e1rio oficial do estado uma portaria na qual disponibilizou o subtenente Gilson Nascimento para a 5\u00aa Ciretran de Itabuna. Com isso criou a expectativa que o mesmo voltaria a comandar o \u00f3rg\u00e3o estadual em Itabuna.<\/h4>\n<h4 style=\"text-align: justify;\">O cargo est\u00e1 na cota do deputado Rosemberg Pinto (PT), mas o governador Rui Costa (PT) estaria intransigente sobre a ideia de vetar nomea\u00e7\u00e3o de militares para cargos administrativos. Existe um grupo trabalhando para tentar fazer o governador mudar a posi\u00e7\u00e3o, mas a miss\u00e3o \u00e9 dif\u00edcil.<\/h4>\n<h4 style=\"text-align: justify;\">Caso o governador n\u00e3o mude de ideia o nome do ex-prefeito de Ibicara\u00ed, Lenildo Santana (PT), ser\u00e1 nomeado como novo diretor da 5\u00aa ciretran de Itabuna. O deputado Rosemberg j\u00e1 estaria decidido a indicar Lenildo, mas a portaria de Gilson pegou o grupo de surpresa e fortaleceu o nome do militar.<\/h4>\n<h4 style=\"text-align: justify;\">Um grupo do PT de Itabuna est\u00e1 se movimentando para que Edmundo Tavares continue no cargo, mas na balan\u00e7a o nome de Lenildo \u00e9 o mais forte.<\/h4>\n<h4 style=\"text-align: justify;\">Segundo uma fonte, a prioridade de Lenildo \u00e9 ser nomeado em breve como diretor do Hospital de Costa do Cacau, em Ilh\u00e9us, que dever\u00e1 ser inaugurado em 2018.<\/h4>\n","protected":false},"excerpt":{"rendered":"<p>Nesta semana foi publicada no di\u00e1rio oficial do estado uma portaria na qual disponibilizou o subtenente Gilson Nascimento para a 5\u00aa Ciretran de Itabuna. Com isso criou a expectativa que o mesmo voltaria a comandar o \u00f3rg\u00e3o estadual em Itabuna. O cargo est\u00e1 na cota do deputado Rosemberg Pinto (PT), mas o governador Rui Costa [&hellip;]<\/p>\n","protected":false},"author":2,"featured_media":0,"comment_status":"open","ping_status":"open","sticky":false,"template":"","format":"standard","meta":{"footnotes":"","_links_to":"","_links_to_target":""},"categories":[1],"tags":[],"class_list":["post-90409","post","type-post","status-publish","format-standard","hentry","category-geral"],"views":1779,"_links":{"self":[{"href":"https:\/\/www.politicosdosuldabahia.com.br\/v1\/wp-json\/wp\/v2\/posts\/90409"}],"collection":[{"href":"https:\/\/www.politicosdosuldabahia.com.br\/v1\/wp-json\/wp\/v2\/posts"}],"about":[{"href":"https:\/\/www.politicosdosuldabahia.com.br\/v1\/wp-json\/wp\/v2\/types\/post"}],"author":[{"embeddable":true,"href":"https:\/\/www.politicosdosuldabahia.com.br\/v1\/wp-json\/wp\/v2\/users\/2"}],"replies":[{"embeddable":true,"href":"https:\/\/www.politicosdosuldabahia.com.br\/v1\/wp-json\/wp\/v2\/comments?post=90409"}],"version-history":[{"count":2,"href":"https:\/\/www.politicosdosuldabahia.com.br\/v1\/wp-json\/wp\/v2\/posts\/90409\/revisions"}],"predecessor-version":[{"id":90411,"href":"https:\/\/www.politicosdosuldabahia.com.br\/v1\/wp-json\/wp\/v2\/posts\/90409\/revisions\/90411"}],"wp:attachment":[{"href":"https:\/\/www.politicosdosuldabahia.com.br\/v1\/wp-json\/wp\/v2\/media?parent=90409"}],"wp:term":[{"taxonomy":"category","embeddable":true,"href":"https:\/\/www.politicosdosuldabahia.com.br\/v1\/wp-json\/wp\/v2\/categories?post=90409"},{"taxonomy":"post_tag","embeddable":true,"href":"https:\/\/www.politicosdosuldabahia.com.br\/v1\/wp-json\/wp\/v2\/tags?post=90409"}],"curies":[{"name":"wp","href":"https:\/\/api.w.org\/{rel}","templated":true}]}}