
{"id":90376,"date":"2017-03-08T22:08:50","date_gmt":"2017-03-09T01:08:50","guid":{"rendered":"http:\/\/www.politicosdosuldabahia.com.br\/v1\/?p=90376"},"modified":"2017-03-08T22:15:54","modified_gmt":"2017-03-09T01:15:54","slug":"santa-cruz-da-vitoria-prefeito-demite-21-concursados-para-ajustar-gastos-com-pessoal-a-lrf","status":"publish","type":"post","link":"https:\/\/www.politicosdosuldabahia.com.br\/v1\/2017\/03\/08\/santa-cruz-da-vitoria-prefeito-demite-21-concursados-para-ajustar-gastos-com-pessoal-a-lrf\/","title":{"rendered":"SANTA CRUZ DA VIT\u00d3RIA: PREFEITO DEMITE 21 CONCURSADOS PARA AJUSTAR GASTOS COM PESSOAL A LRF"},"content":{"rendered":"<p><img loading=\"lazy\" decoding=\"async\" class=\"aligncenter wp-image-90377\" src=\"http:\/\/www.politicosdosuldabahia.com.br\/v1\/wp-content\/uploads\/2017\/03\/prf-1.jpg\" alt=\"prf\" width=\"455\" height=\"422\" srcset=\"https:\/\/www.politicosdosuldabahia.com.br\/v1\/wp-content\/uploads\/2017\/03\/prf-1.jpg 362w, https:\/\/www.politicosdosuldabahia.com.br\/v1\/wp-content\/uploads\/2017\/03\/prf-1-300x278.jpg 300w\" sizes=\"(max-width: 455px) 100vw, 455px\" \/><\/p>\n<h4 style=\"text-align: justify;\">O prefeito de Santa Cruz da Vit\u00f3ria, Carlos Andr\u00e9 (PTN), assinou um decreto suspendendo todos os efeitos da nomea\u00e7\u00e3o e posse de servidores p\u00fablicos admitidos pela prefeitura no per\u00edodo de 180 dias anteriores ao final do mandato da gest\u00e3o passada.<\/h4>\n<h4 style=\"text-align: justify;\">Vale lembrar que ex-prefeito Jackson Bonfim (PP), realizou um concurso p\u00fablico em 2015, convocou 149 pessoas, e depois da elei\u00e7\u00e3o municipal convocou mais 21 pessoas, totalizando 170 pessoas.<\/h4>\n<h4 style=\"text-align: justify;\">Segundo o prefeito Carlos Andr\u00e9, o objetivo da medida \u00e9 ajustar a folha de pagamento ao teto de gastos fixados pela Lei de Responsabilidade Fiscal, que fixa em 54% da receita corrente l\u00edquida o limite.<\/h4>\n<h4 style=\"text-align: justify;\">No m\u00eas de janeiro a folha de pagamento da prefeitura foi de 89,2%, sendo que o m\u00eas de janeiro \u00e9 considerado de boa arrecada\u00e7\u00e3o.<\/h4>\n","protected":false},"excerpt":{"rendered":"<p>O prefeito de Santa Cruz da Vit\u00f3ria, Carlos Andr\u00e9 (PTN), assinou um decreto suspendendo todos os efeitos da nomea\u00e7\u00e3o e posse de servidores p\u00fablicos admitidos pela prefeitura no per\u00edodo de 180 dias anteriores ao final do mandato da gest\u00e3o passada. Vale lembrar que ex-prefeito Jackson Bonfim (PP), realizou um concurso p\u00fablico em 2015, convocou 149 [&hellip;]<\/p>\n","protected":false},"author":2,"featured_media":90377,"comment_status":"open","ping_status":"open","sticky":false,"template":"","format":"standard","meta":{"footnotes":"","_links_to":"","_links_to_target":""},"categories":[23,1],"tags":[],"class_list":["post-90376","post","type-post","status-publish","format-standard","has-post-thumbnail","hentry","category-destaque1","category-geral"],"views":2587,"_links":{"self":[{"href":"https:\/\/www.politicosdosuldabahia.com.br\/v1\/wp-json\/wp\/v2\/posts\/90376"}],"collection":[{"href":"https:\/\/www.politicosdosuldabahia.com.br\/v1\/wp-json\/wp\/v2\/posts"}],"about":[{"href":"https:\/\/www.politicosdosuldabahia.com.br\/v1\/wp-json\/wp\/v2\/types\/post"}],"author":[{"embeddable":true,"href":"https:\/\/www.politicosdosuldabahia.com.br\/v1\/wp-json\/wp\/v2\/users\/2"}],"replies":[{"embeddable":true,"href":"https:\/\/www.politicosdosuldabahia.com.br\/v1\/wp-json\/wp\/v2\/comments?post=90376"}],"version-history":[{"count":2,"href":"https:\/\/www.politicosdosuldabahia.com.br\/v1\/wp-json\/wp\/v2\/posts\/90376\/revisions"}],"predecessor-version":[{"id":90379,"href":"https:\/\/www.politicosdosuldabahia.com.br\/v1\/wp-json\/wp\/v2\/posts\/90376\/revisions\/90379"}],"wp:featuredmedia":[{"embeddable":true,"href":"https:\/\/www.politicosdosuldabahia.com.br\/v1\/wp-json\/wp\/v2\/media\/90377"}],"wp:attachment":[{"href":"https:\/\/www.politicosdosuldabahia.com.br\/v1\/wp-json\/wp\/v2\/media?parent=90376"}],"wp:term":[{"taxonomy":"category","embeddable":true,"href":"https:\/\/www.politicosdosuldabahia.com.br\/v1\/wp-json\/wp\/v2\/categories?post=90376"},{"taxonomy":"post_tag","embeddable":true,"href":"https:\/\/www.politicosdosuldabahia.com.br\/v1\/wp-json\/wp\/v2\/tags?post=90376"}],"curies":[{"name":"wp","href":"https:\/\/api.w.org\/{rel}","templated":true}]}}