
{"id":90365,"date":"2017-03-08T17:34:45","date_gmt":"2017-03-08T20:34:45","guid":{"rendered":"http:\/\/www.politicosdosuldabahia.com.br\/v1\/?p=90365"},"modified":"2017-03-08T22:16:22","modified_gmt":"2017-03-09T01:16:22","slug":"ilheus-hospital-do-cacau-devera-ser-administrado-por-empresa-via-ppp","status":"publish","type":"post","link":"https:\/\/www.politicosdosuldabahia.com.br\/v1\/2017\/03\/08\/ilheus-hospital-do-cacau-devera-ser-administrado-por-empresa-via-ppp\/","title":{"rendered":"ILH\u00c9US: HOSPITAL DO CACAU DEVER\u00c1 SER ADMINISTRADO POR EMPRESA VIA PPP"},"content":{"rendered":"<p><img loading=\"lazy\" decoding=\"async\" class=\"aligncenter wp-image-90366\" src=\"http:\/\/www.politicosdosuldabahia.com.br\/v1\/wp-content\/uploads\/2017\/03\/hospital-regionalcosta-do-Cacau-768x432.jpg\" alt=\"hospital-regionalcosta-do-Cacau-768x432\" width=\"455\" height=\"256\" srcset=\"https:\/\/www.politicosdosuldabahia.com.br\/v1\/wp-content\/uploads\/2017\/03\/hospital-regionalcosta-do-Cacau-768x432.jpg 768w, https:\/\/www.politicosdosuldabahia.com.br\/v1\/wp-content\/uploads\/2017\/03\/hospital-regionalcosta-do-Cacau-768x432-300x169.jpg 300w\" sizes=\"(max-width: 455px) 100vw, 455px\" \/><\/p>\n<h4 style=\"text-align: justify;\">O governo do estado j\u00e1 est\u00e1 preparando a licita\u00e7\u00e3o para Parceria P\u00fablico-Privada (PPP) para definir a empresa que vai administrar o Hospital Regional da Costa do Cacau, em constru\u00e7\u00e3o no munic\u00edpio de Ilh\u00e9us, que deve ser entregue no in\u00edcio de 2017.<\/h4>\n<h4 style=\"text-align: justify;\">A licita\u00e7\u00e3o dever\u00e1 seguir o exemplo da realizada em 2010 que definiu o cons\u00f3rcio formado pelas empresas Prom\u00e9dica (baiana) e Dalkia (francesa) para administrar o Hospital do Sub\u00farbio de Salvador (HS).<\/h4>\n<h4 style=\"text-align: justify;\">REDU\u00c7\u00c3O DE CUSTO<\/h4>\n<h4 style=\"text-align: justify;\">O formato de PPP garante mais agilidade \u00e0 gest\u00e3o do hospital porque o parceiro privado n\u00e3o precisa seguir os mesmo tramites burocr\u00e1ticos para contrata\u00e7\u00e3o e aquisi\u00e7\u00e3o de equipamentos. Isso garante mais rapidez no atendimento das necessidades da unidade.<\/h4>\n","protected":false},"excerpt":{"rendered":"<p>O governo do estado j\u00e1 est\u00e1 preparando a licita\u00e7\u00e3o para Parceria P\u00fablico-Privada (PPP) para definir a empresa que vai administrar o Hospital Regional da Costa do Cacau, em constru\u00e7\u00e3o no munic\u00edpio de Ilh\u00e9us, que deve ser entregue no in\u00edcio de 2017. A licita\u00e7\u00e3o dever\u00e1 seguir o exemplo da realizada em 2010 que definiu o cons\u00f3rcio [&hellip;]<\/p>\n","protected":false},"author":2,"featured_media":90366,"comment_status":"open","ping_status":"open","sticky":false,"template":"","format":"standard","meta":{"footnotes":"","_links_to":"","_links_to_target":""},"categories":[23,1],"tags":[],"class_list":["post-90365","post","type-post","status-publish","format-standard","has-post-thumbnail","hentry","category-destaque1","category-geral"],"views":5649,"_links":{"self":[{"href":"https:\/\/www.politicosdosuldabahia.com.br\/v1\/wp-json\/wp\/v2\/posts\/90365"}],"collection":[{"href":"https:\/\/www.politicosdosuldabahia.com.br\/v1\/wp-json\/wp\/v2\/posts"}],"about":[{"href":"https:\/\/www.politicosdosuldabahia.com.br\/v1\/wp-json\/wp\/v2\/types\/post"}],"author":[{"embeddable":true,"href":"https:\/\/www.politicosdosuldabahia.com.br\/v1\/wp-json\/wp\/v2\/users\/2"}],"replies":[{"embeddable":true,"href":"https:\/\/www.politicosdosuldabahia.com.br\/v1\/wp-json\/wp\/v2\/comments?post=90365"}],"version-history":[{"count":1,"href":"https:\/\/www.politicosdosuldabahia.com.br\/v1\/wp-json\/wp\/v2\/posts\/90365\/revisions"}],"predecessor-version":[{"id":90367,"href":"https:\/\/www.politicosdosuldabahia.com.br\/v1\/wp-json\/wp\/v2\/posts\/90365\/revisions\/90367"}],"wp:featuredmedia":[{"embeddable":true,"href":"https:\/\/www.politicosdosuldabahia.com.br\/v1\/wp-json\/wp\/v2\/media\/90366"}],"wp:attachment":[{"href":"https:\/\/www.politicosdosuldabahia.com.br\/v1\/wp-json\/wp\/v2\/media?parent=90365"}],"wp:term":[{"taxonomy":"category","embeddable":true,"href":"https:\/\/www.politicosdosuldabahia.com.br\/v1\/wp-json\/wp\/v2\/categories?post=90365"},{"taxonomy":"post_tag","embeddable":true,"href":"https:\/\/www.politicosdosuldabahia.com.br\/v1\/wp-json\/wp\/v2\/tags?post=90365"}],"curies":[{"name":"wp","href":"https:\/\/api.w.org\/{rel}","templated":true}]}}