
{"id":90340,"date":"2017-03-08T09:54:57","date_gmt":"2017-03-08T12:54:57","guid":{"rendered":"http:\/\/www.politicosdosuldabahia.com.br\/v1\/?p=90340"},"modified":"2017-03-08T22:16:56","modified_gmt":"2017-03-09T01:16:56","slug":"itajuipe-justica-eleitoral-vai-julgar-pedido-de-cassacao-do-prefeito-marcone","status":"publish","type":"post","link":"https:\/\/www.politicosdosuldabahia.com.br\/v1\/2017\/03\/08\/itajuipe-justica-eleitoral-vai-julgar-pedido-de-cassacao-do-prefeito-marcone\/","title":{"rendered":"ITAJU\u00cdPE: JUSTI\u00c7A ELEITORAL VAI JULGAR   PEDIDO DE CASSA\u00c7\u00c3O DO PREFEITO MARCONE"},"content":{"rendered":"<p><img loading=\"lazy\" decoding=\"async\" class=\"aligncenter wp-image-90120\" src=\"http:\/\/www.politicosdosuldabahia.com.br\/v1\/wp-content\/uploads\/2017\/03\/marccc.jpg\" alt=\"marccc\" width=\"455\" height=\"443\" srcset=\"https:\/\/www.politicosdosuldabahia.com.br\/v1\/wp-content\/uploads\/2017\/03\/marccc.jpg 474w, https:\/\/www.politicosdosuldabahia.com.br\/v1\/wp-content\/uploads\/2017\/03\/marccc-300x292.jpg 300w\" sizes=\"(max-width: 455px) 100vw, 455px\" \/><\/p>\n<h4 style=\"text-align: justify;\">O clima \u00e9 de grande expectativa em Itaju\u00edpe em virtude da a\u00e7\u00e3o que a oposi\u00e7\u00e3o entrou na justi\u00e7a eleitoral contra o prefeito Marcone Amaral (PSD).<\/h4>\n<h4 style=\"text-align: justify;\">Na a\u00e7\u00e3o o prefeito \u00e9 acusado de abuso de poder econ\u00f4mico durante a elei\u00e7\u00e3o municipal \u00a0e \u00e9 solicitada a cassa\u00e7\u00e3o do seu diploma, consequentemente a cassa\u00e7\u00e3o do mandato.<\/h4>\n<h4 style=\"text-align: justify;\">Na semana passada a defesa de Marcone apresentou Embargos de Declara\u00e7\u00e3o contra despacho do juiz eleitoral Luiz S\u00e9rgio. Alegando que o deputado estadual Rosemberg Pinto (PT), testemunha de defesa, fosse ouvido na capital.<\/h4>\n<h4 style=\"text-align: justify;\">\u201ccomo se sabe, a designa\u00e7\u00e3o de audi\u00eancia de instru\u00e7\u00e3o e julgamento \u00e9 mero despacho de expediente, sem cunho decis\u00f3rio, n\u00e3o cabendo, portanto, ser atacada atrav\u00e9s de embargos declarat\u00f3rios, conforme disposto no art. 1.001 do C\u00f3digo de Processo Civil.\u201d, declarou o juiz.<\/h4>\n<p><img loading=\"lazy\" decoding=\"async\" class=\"aligncenter wp-image-90341 size-full\" src=\"http:\/\/www.politicosdosuldabahia.com.br\/v1\/wp-content\/uploads\/2017\/03\/rui.jpg\" alt=\"rui\" width=\"448\" height=\"288\" srcset=\"https:\/\/www.politicosdosuldabahia.com.br\/v1\/wp-content\/uploads\/2017\/03\/rui.jpg 448w, https:\/\/www.politicosdosuldabahia.com.br\/v1\/wp-content\/uploads\/2017\/03\/rui-300x193.jpg 300w\" sizes=\"(max-width: 448px) 100vw, 448px\" \/><\/p>\n<h4 style=\"text-align: justify;\">ATUALIZA\u00c7\u00c3O: o advogado Pedro Vivas, manteve contato com o blog, e informou que existe um equivoco no portal do Tribunal Regional eleitoral, pois ele n\u00e3o \u00e9 mais advogado nesta a\u00e7\u00e3o:<\/h4>\n<h4 style=\"text-align: justify;\">\u201c n\u00e3o sou mais advogado do prefeito nesta a\u00e7\u00e3o, foi contratado um escrit\u00f3rio na capital do estado\u201d, declarou o advogado.<\/h4>\n","protected":false},"excerpt":{"rendered":"<p>O clima \u00e9 de grande expectativa em Itaju\u00edpe em virtude da a\u00e7\u00e3o que a oposi\u00e7\u00e3o entrou na justi\u00e7a eleitoral contra o prefeito Marcone Amaral (PSD). Na a\u00e7\u00e3o o prefeito \u00e9 acusado de abuso de poder econ\u00f4mico durante a elei\u00e7\u00e3o municipal \u00a0e \u00e9 solicitada a cassa\u00e7\u00e3o do seu diploma, consequentemente a cassa\u00e7\u00e3o do mandato. Na semana [&hellip;]<\/p>\n","protected":false},"author":2,"featured_media":90341,"comment_status":"open","ping_status":"open","sticky":false,"template":"","format":"standard","meta":{"footnotes":"","_links_to":"","_links_to_target":""},"categories":[24,1],"tags":[],"class_list":["post-90340","post","type-post","status-publish","format-standard","has-post-thumbnail","hentry","category-destaque2","category-geral"],"views":5472,"_links":{"self":[{"href":"https:\/\/www.politicosdosuldabahia.com.br\/v1\/wp-json\/wp\/v2\/posts\/90340"}],"collection":[{"href":"https:\/\/www.politicosdosuldabahia.com.br\/v1\/wp-json\/wp\/v2\/posts"}],"about":[{"href":"https:\/\/www.politicosdosuldabahia.com.br\/v1\/wp-json\/wp\/v2\/types\/post"}],"author":[{"embeddable":true,"href":"https:\/\/www.politicosdosuldabahia.com.br\/v1\/wp-json\/wp\/v2\/users\/2"}],"replies":[{"embeddable":true,"href":"https:\/\/www.politicosdosuldabahia.com.br\/v1\/wp-json\/wp\/v2\/comments?post=90340"}],"version-history":[{"count":4,"href":"https:\/\/www.politicosdosuldabahia.com.br\/v1\/wp-json\/wp\/v2\/posts\/90340\/revisions"}],"predecessor-version":[{"id":90351,"href":"https:\/\/www.politicosdosuldabahia.com.br\/v1\/wp-json\/wp\/v2\/posts\/90340\/revisions\/90351"}],"wp:featuredmedia":[{"embeddable":true,"href":"https:\/\/www.politicosdosuldabahia.com.br\/v1\/wp-json\/wp\/v2\/media\/90341"}],"wp:attachment":[{"href":"https:\/\/www.politicosdosuldabahia.com.br\/v1\/wp-json\/wp\/v2\/media?parent=90340"}],"wp:term":[{"taxonomy":"category","embeddable":true,"href":"https:\/\/www.politicosdosuldabahia.com.br\/v1\/wp-json\/wp\/v2\/categories?post=90340"},{"taxonomy":"post_tag","embeddable":true,"href":"https:\/\/www.politicosdosuldabahia.com.br\/v1\/wp-json\/wp\/v2\/tags?post=90340"}],"curies":[{"name":"wp","href":"https:\/\/api.w.org\/{rel}","templated":true}]}}