
{"id":89969,"date":"2017-02-21T19:44:44","date_gmt":"2017-02-21T22:44:44","guid":{"rendered":"http:\/\/www.politicosdosuldabahia.com.br\/v1\/?p=89969"},"modified":"2017-02-21T23:34:49","modified_gmt":"2017-02-22T02:34:49","slug":"itabuna-durante-reuniao-clima-ficou-tenso-entre-chico-reis-e-fernando-gomes","status":"publish","type":"post","link":"https:\/\/www.politicosdosuldabahia.com.br\/v1\/2017\/02\/21\/itabuna-durante-reuniao-clima-ficou-tenso-entre-chico-reis-e-fernando-gomes\/","title":{"rendered":"ITABUNA: DURANTE REUNI\u00c3O CLIMA FICOU TENSO ENTRE CHICO REIS E FERNANDO GOMES"},"content":{"rendered":"<p><img loading=\"lazy\" decoding=\"async\" class=\"aligncenter wp-image-89970\" src=\"http:\/\/www.politicosdosuldabahia.com.br\/v1\/wp-content\/uploads\/2017\/02\/fgchicoreis112207-500x343.jpg\" alt=\"fgchicoreis112207-500x343\" width=\"455\" height=\"312\" srcset=\"https:\/\/www.politicosdosuldabahia.com.br\/v1\/wp-content\/uploads\/2017\/02\/fgchicoreis112207-500x343.jpg 500w, https:\/\/www.politicosdosuldabahia.com.br\/v1\/wp-content\/uploads\/2017\/02\/fgchicoreis112207-500x343-300x206.jpg 300w\" sizes=\"(max-width: 455px) 100vw, 455px\" \/><\/p>\n<h4 style=\"text-align: justify;\">Nesta ter\u00e7a-feira o clima ficou tenso durante uma reuni\u00e3o entre o prefeito de Itabuna, Fernando Gomes (DEM), e o presidente da c\u00e2mara, Chico Reis (PSDB).<\/h4>\n<h4 style=\"text-align: justify;\">O presidente da c\u00e2mara deixou a reuni\u00e3o e avisou ao prefeito se ele quiser conversar com o poder legislativo, que se dirija at\u00e9 a c\u00e2mara de vereadores.<\/h4>\n<h4 style=\"text-align: justify;\">Quando Chico Reis estava no estacionamento foi convidado a ir a sala da secret\u00e1ria de governo, Maria Alice, ele retornou e repetiu o que tinha falado minutos antes com o prefeito.<\/h4>\n<h4 style=\"text-align: justify;\">Chico Reis estava acompanhado de alguns vereadores do \u201c g 12\u201d, e depois da reuni\u00e3o o grupo decidiu que vai fazer oposi\u00e7\u00e3o ao governo do prefeito Fernando Gomes.<\/h4>\n<h4 style=\"text-align: justify;\">Fernando Gomes ter\u00e1 que usar toda sua experi\u00eancia pol\u00edtica para conseguir voltar dialogar com o presidente da c\u00e2mara.<\/h4>\n","protected":false},"excerpt":{"rendered":"<p>Nesta ter\u00e7a-feira o clima ficou tenso durante uma reuni\u00e3o entre o prefeito de Itabuna, Fernando Gomes (DEM), e o presidente da c\u00e2mara, Chico Reis (PSDB). O presidente da c\u00e2mara deixou a reuni\u00e3o e avisou ao prefeito se ele quiser conversar com o poder legislativo, que se dirija at\u00e9 a c\u00e2mara de vereadores. Quando Chico Reis [&hellip;]<\/p>\n","protected":false},"author":2,"featured_media":89970,"comment_status":"open","ping_status":"open","sticky":false,"template":"","format":"standard","meta":{"footnotes":"","_links_to":"","_links_to_target":""},"categories":[24,1],"tags":[],"class_list":["post-89969","post","type-post","status-publish","format-standard","has-post-thumbnail","hentry","category-destaque2","category-geral"],"views":4736,"_links":{"self":[{"href":"https:\/\/www.politicosdosuldabahia.com.br\/v1\/wp-json\/wp\/v2\/posts\/89969"}],"collection":[{"href":"https:\/\/www.politicosdosuldabahia.com.br\/v1\/wp-json\/wp\/v2\/posts"}],"about":[{"href":"https:\/\/www.politicosdosuldabahia.com.br\/v1\/wp-json\/wp\/v2\/types\/post"}],"author":[{"embeddable":true,"href":"https:\/\/www.politicosdosuldabahia.com.br\/v1\/wp-json\/wp\/v2\/users\/2"}],"replies":[{"embeddable":true,"href":"https:\/\/www.politicosdosuldabahia.com.br\/v1\/wp-json\/wp\/v2\/comments?post=89969"}],"version-history":[{"count":1,"href":"https:\/\/www.politicosdosuldabahia.com.br\/v1\/wp-json\/wp\/v2\/posts\/89969\/revisions"}],"predecessor-version":[{"id":89971,"href":"https:\/\/www.politicosdosuldabahia.com.br\/v1\/wp-json\/wp\/v2\/posts\/89969\/revisions\/89971"}],"wp:featuredmedia":[{"embeddable":true,"href":"https:\/\/www.politicosdosuldabahia.com.br\/v1\/wp-json\/wp\/v2\/media\/89970"}],"wp:attachment":[{"href":"https:\/\/www.politicosdosuldabahia.com.br\/v1\/wp-json\/wp\/v2\/media?parent=89969"}],"wp:term":[{"taxonomy":"category","embeddable":true,"href":"https:\/\/www.politicosdosuldabahia.com.br\/v1\/wp-json\/wp\/v2\/categories?post=89969"},{"taxonomy":"post_tag","embeddable":true,"href":"https:\/\/www.politicosdosuldabahia.com.br\/v1\/wp-json\/wp\/v2\/tags?post=89969"}],"curies":[{"name":"wp","href":"https:\/\/api.w.org\/{rel}","templated":true}]}}