
{"id":89793,"date":"2017-02-16T14:27:33","date_gmt":"2017-02-16T17:27:33","guid":{"rendered":"http:\/\/www.politicosdosuldabahia.com.br\/v1\/?p=89793"},"modified":"2017-02-16T17:50:05","modified_gmt":"2017-02-16T20:50:05","slug":"itabuna-presidente-da-camara-acusa-hospital-de-ter-negado-atendimento-a-filha-recem-nascida","status":"publish","type":"post","link":"https:\/\/www.politicosdosuldabahia.com.br\/v1\/2017\/02\/16\/itabuna-presidente-da-camara-acusa-hospital-de-ter-negado-atendimento-a-filha-recem-nascida\/","title":{"rendered":"ITABUNA: PRESIDENTE DA C\u00c2MARA ACUSA  HOSPITAL DE TER NEGADO  ATENDIMENTO A FILHA REC\u00c9M-NASCIDA"},"content":{"rendered":"<p><img loading=\"lazy\" decoding=\"async\" class=\"aligncenter wp-image-89794\" src=\"http:\/\/www.politicosdosuldabahia.com.br\/v1\/wp-content\/uploads\/2017\/02\/chico.jpg\" alt=\"chico\" width=\"440\" height=\"782\" srcset=\"https:\/\/www.politicosdosuldabahia.com.br\/v1\/wp-content\/uploads\/2017\/02\/chico.jpg 540w, https:\/\/www.politicosdosuldabahia.com.br\/v1\/wp-content\/uploads\/2017\/02\/chico-169x300.jpg 169w\" sizes=\"(max-width: 440px) 100vw, 440px\" \/><\/p>\n<h4 style=\"text-align: justify;\">Na noite desta quarta-feira, 15, o vereador e presidente da C\u00e2mara Municipal de Itabuna, Chico Reis, esteve na unidade do hospital Manoel Novaes, acompanhado da esposa, La\u00edza Santana e da filha rec\u00e9m-nascida, Elo\u00edsa (1 m\u00eas e 10 dias) apresentando estado grave de sa\u00fade e teve atendimento incialmente negado pelos profissionais plantonistas da noite.<\/h4>\n<h4 style=\"text-align: justify;\">De acordo com La\u00edza Santana, a menor, \u201cest\u00e1 com a sa\u00fade debilitada h\u00e1 alguns dias e vem apresentando um quadro de constantes tosses, com v\u00f4mitos e falta de ar por tempo prolongado a ponto de ficar roxa. Est\u00e1 sendo desesperador encontra-la nesse estado\u201d, declarou. La\u00edza declarou estar \u201crevoltada\u201d com o tratamento que recebeu na unidade e afirmou ter passado por um momento vexat\u00f3rio.<\/h4>\n<h4 style=\"text-align: justify;\">\u201cMinha filha apresentou outra crise l\u00e1, n\u00e3o aguentei o desespero e invadi aquela porta com tudo, procurando pelo m\u00e9dico em busca de socorro. Quando eu entrei o m\u00e9dico n\u00e3o estava na parte que geralmente fica, perguntei para as poucas pessoas l\u00e1 de dentro e simplesmente me ignoraram, pedi para que chamassem o m\u00e9dico e ningu\u00e9m se mexeu\u201d, informou ainda bastante chateada.<\/h4>\n<h4 style=\"text-align: justify;\">La\u00edza contou ainda que ao buscar socorro para a filha ouviu v\u00e1rios deboches por parte dos funcion\u00e1rios que a classificaram como \u201clouca\u201d. \u201cRiam de mim e diziam: \u2018 deixa ela achando que vai ser atendida, o marido dela t\u00e1 l\u00e1 fora dizendo que vai ligar para o provedor e um tal de deputado&#8230;\u2019 Como as pessoas conseguem fazer deboche em um estado desse?\u201d, questionou.<\/h4>\n<h4 style=\"text-align: justify;\">Ap\u00f3s a confus\u00e3o, a crian\u00e7a foi atendida, por\u00e9m Chico Reis acredita que o fato s\u00f3 se deu por ele estar vereador, no entanto, lamenta com tristeza o ocorrido, pois acredita que \u201cn\u00e3o \u00e9 justo que o atendimento de sa\u00fade, servi\u00e7o essencial, seja negado \u00e0s pessoas. \u00c9 um atentado contra a dignidade da pessoa que precisa mendigar o que \u00e9 direito\u201d, lamentou Chico Reis.<\/h4>\n<h4 style=\"text-align: justify;\">Chico Reis e a esposa lembraram ainda, que o edil, foi homenageado pela Santa Casa dias atr\u00e1s, mas acreditam que a maior comenda que um cidad\u00e3o pode receber \u00e9 \u201ca realiza\u00e7\u00e3o de sua fun\u00e7\u00e3o social\u201d, finalizou o vereador.<\/h4>\n<h4 style=\"text-align: justify;\">La\u00edza ainda pontuou que inicialmente quando conseguiu o atendimento fora atendida \u201ccom indiferen\u00e7a, pelo pediatra plantonista, sendo at\u00e9 ignorante. Fui encaminhada pra tirar um raio-x (Santa Casa de Miseric\u00f3rdia), quando voltei para entregar ao m\u00e9dico, estavam todos reunidos. N\u00e3o sei o que aconteceu na minha aus\u00eancia, mas o atendimento mudou completamente, eu deixei de ser &#8220;a louca&#8221; e de ser ignorada, e fui atendida com mais calma pelo m\u00e9dico e minha filha conseguiu ser medicada\u201d, concluiu La\u00edza.<\/h4>\n<h4 style=\"text-align: justify;\">SANTA CASA ESCLARECE.<\/h4>\n<h4 style=\"text-align: justify;\">A Santa Casa de Miseric\u00f3rdia de Itabuna est\u00e1 em greve desde a \u00faltima segunda-feira. A dire\u00e7\u00e3o informa que a secretaria municipal de sa\u00fade n\u00e3o repassou os recursos para a institui\u00e7\u00e3o.<\/h4>\n","protected":false},"excerpt":{"rendered":"<p>Na noite desta quarta-feira, 15, o vereador e presidente da C\u00e2mara Municipal de Itabuna, Chico Reis, esteve na unidade do hospital Manoel Novaes, acompanhado da esposa, La\u00edza Santana e da filha rec\u00e9m-nascida, Elo\u00edsa (1 m\u00eas e 10 dias) apresentando estado grave de sa\u00fade e teve atendimento incialmente negado pelos profissionais plantonistas da noite. De acordo [&hellip;]<\/p>\n","protected":false},"author":2,"featured_media":89794,"comment_status":"open","ping_status":"open","sticky":false,"template":"","format":"standard","meta":{"footnotes":"","_links_to":"","_links_to_target":""},"categories":[23,1],"tags":[],"class_list":["post-89793","post","type-post","status-publish","format-standard","has-post-thumbnail","hentry","category-destaque1","category-geral"],"views":6013,"_links":{"self":[{"href":"https:\/\/www.politicosdosuldabahia.com.br\/v1\/wp-json\/wp\/v2\/posts\/89793"}],"collection":[{"href":"https:\/\/www.politicosdosuldabahia.com.br\/v1\/wp-json\/wp\/v2\/posts"}],"about":[{"href":"https:\/\/www.politicosdosuldabahia.com.br\/v1\/wp-json\/wp\/v2\/types\/post"}],"author":[{"embeddable":true,"href":"https:\/\/www.politicosdosuldabahia.com.br\/v1\/wp-json\/wp\/v2\/users\/2"}],"replies":[{"embeddable":true,"href":"https:\/\/www.politicosdosuldabahia.com.br\/v1\/wp-json\/wp\/v2\/comments?post=89793"}],"version-history":[{"count":1,"href":"https:\/\/www.politicosdosuldabahia.com.br\/v1\/wp-json\/wp\/v2\/posts\/89793\/revisions"}],"predecessor-version":[{"id":89795,"href":"https:\/\/www.politicosdosuldabahia.com.br\/v1\/wp-json\/wp\/v2\/posts\/89793\/revisions\/89795"}],"wp:featuredmedia":[{"embeddable":true,"href":"https:\/\/www.politicosdosuldabahia.com.br\/v1\/wp-json\/wp\/v2\/media\/89794"}],"wp:attachment":[{"href":"https:\/\/www.politicosdosuldabahia.com.br\/v1\/wp-json\/wp\/v2\/media?parent=89793"}],"wp:term":[{"taxonomy":"category","embeddable":true,"href":"https:\/\/www.politicosdosuldabahia.com.br\/v1\/wp-json\/wp\/v2\/categories?post=89793"},{"taxonomy":"post_tag","embeddable":true,"href":"https:\/\/www.politicosdosuldabahia.com.br\/v1\/wp-json\/wp\/v2\/tags?post=89793"}],"curies":[{"name":"wp","href":"https:\/\/api.w.org\/{rel}","templated":true}]}}