
{"id":89706,"date":"2017-02-14T09:47:06","date_gmt":"2017-02-14T12:47:06","guid":{"rendered":"http:\/\/www.politicosdosuldabahia.com.br\/v1\/?p=89706"},"modified":"2017-02-14T11:31:25","modified_gmt":"2017-02-14T14:31:25","slug":"maiquinique-justica-suspende-concurso-publico-da-prefeitura","status":"publish","type":"post","link":"https:\/\/www.politicosdosuldabahia.com.br\/v1\/2017\/02\/14\/maiquinique-justica-suspende-concurso-publico-da-prefeitura\/","title":{"rendered":"MAIQUINIQUE: JUSTI\u00c7A SUSPENDE CONCURSO P\u00daBLICO DA PREFEITURA"},"content":{"rendered":"<p><img loading=\"lazy\" decoding=\"async\" class=\"aligncenter wp-image-89707\" src=\"http:\/\/www.politicosdosuldabahia.com.br\/v1\/wp-content\/uploads\/2017\/02\/gomes-1.jpg\" alt=\"gomes\" width=\"455\" height=\"130\" srcset=\"https:\/\/www.politicosdosuldabahia.com.br\/v1\/wp-content\/uploads\/2017\/02\/gomes-1.jpg 952w, https:\/\/www.politicosdosuldabahia.com.br\/v1\/wp-content\/uploads\/2017\/02\/gomes-1-300x86.jpg 300w, https:\/\/www.politicosdosuldabahia.com.br\/v1\/wp-content\/uploads\/2017\/02\/gomes-1-768x220.jpg 768w\" sizes=\"(max-width: 455px) 100vw, 455px\" \/><\/p>\n<h4 style=\"text-align: justify;\">A Ju\u00edza de Direito da comarca de Macarani, Giselle de F\u00e1tima Cunha Guimar\u00e3es Ribeiro, deferiu pedido de tutela antecipada pelo Minist\u00e9rio P\u00fablico, e determinou a SUSPENS\u00c3O das nomea\u00e7\u00f5es, posse e exerc\u00edcio de todos os candidatos aprovados no \u00faltimo concurso, bem como o afastamento destes servidores do quadro funcional do munic\u00edpio de Maiquinique, sem remunera\u00e7\u00e3o.<\/h4>\n<h4 style=\"text-align: justify;\">Na a\u00e7\u00e3o, proposta pelo Minist\u00e9rio P\u00fablico, tamb\u00e9m foi pedida a condena\u00e7\u00e3o por improbidade administrativa dos R\u00e9us, Maria Aparecida, ex prefeita de Maiquinique, Lourisval Rogrigues, ex-presidente da C\u00e2mara municipal, com base na lei de Responsabilidade Fiscal (LRF) e na Constitui\u00e7\u00e3o Federal.<\/h4>\n<h4 style=\"text-align: justify;\">Tamb\u00e9m foi pedida a condena\u00e7\u00e3o dos s\u00f3cios propriet\u00e1rios da COMPEVEN, empresa que realizou o concurso.<br \/>\nA Ju\u00edza acatou a todos os pedidos do MP e em sua fundamenta\u00e7\u00e3o, ela chega a dizer que a ex-prefeita de Maiquinique, ao fraudar de forma t\u00e3o flagrantemente bizarra o concurso p\u00fablico, tinha por objetivo criar uma esp\u00e9cie de \u201cfeudo municipal\u201d:<\/h4>\n<h4 style=\"text-align: justify;\">\u201cNo presente caso, observa-se que a maioria esmagadora dos aprovados no certame p\u00fablico, j\u00e1 eram servidores municipais a t\u00edtulo prec\u00e1rio, sem estabilidade, trazendo ind\u00edcios de que tal coincid\u00eancia est\u00e1 a indicar uma uni\u00e3o de esfor\u00e7os para favorecer parentes e amigos pr\u00f3ximos criando um feudo municipal. \u201d<\/h4>\n<h4 style=\"text-align: justify;\">O concurso p\u00fablico de Maiquinique, realizado em 06 de mar\u00e7o de 2016, na gest\u00e3o da ent\u00e3o prefeita Maria Aparecida \u2013 Minininha, foi alvo de v\u00e1rias den\u00fancias por parte dos participantes do certame, e suspeita-se que mais de 70% de suas vagas tenham sido fraudadas, conforme discrimina a pr\u00f3pria Ju\u00edza na decis\u00e3o.<\/h4>\n","protected":false},"excerpt":{"rendered":"<p>A Ju\u00edza de Direito da comarca de Macarani, Giselle de F\u00e1tima Cunha Guimar\u00e3es Ribeiro, deferiu pedido de tutela antecipada pelo Minist\u00e9rio P\u00fablico, e determinou a SUSPENS\u00c3O das nomea\u00e7\u00f5es, posse e exerc\u00edcio de todos os candidatos aprovados no \u00faltimo concurso, bem como o afastamento destes servidores do quadro funcional do munic\u00edpio de Maiquinique, sem remunera\u00e7\u00e3o. Na [&hellip;]<\/p>\n","protected":false},"author":2,"featured_media":89707,"comment_status":"open","ping_status":"open","sticky":false,"template":"","format":"standard","meta":{"footnotes":"","_links_to":"","_links_to_target":""},"categories":[24,1],"tags":[],"class_list":["post-89706","post","type-post","status-publish","format-standard","has-post-thumbnail","hentry","category-destaque2","category-geral"],"views":2204,"_links":{"self":[{"href":"https:\/\/www.politicosdosuldabahia.com.br\/v1\/wp-json\/wp\/v2\/posts\/89706"}],"collection":[{"href":"https:\/\/www.politicosdosuldabahia.com.br\/v1\/wp-json\/wp\/v2\/posts"}],"about":[{"href":"https:\/\/www.politicosdosuldabahia.com.br\/v1\/wp-json\/wp\/v2\/types\/post"}],"author":[{"embeddable":true,"href":"https:\/\/www.politicosdosuldabahia.com.br\/v1\/wp-json\/wp\/v2\/users\/2"}],"replies":[{"embeddable":true,"href":"https:\/\/www.politicosdosuldabahia.com.br\/v1\/wp-json\/wp\/v2\/comments?post=89706"}],"version-history":[{"count":1,"href":"https:\/\/www.politicosdosuldabahia.com.br\/v1\/wp-json\/wp\/v2\/posts\/89706\/revisions"}],"predecessor-version":[{"id":89708,"href":"https:\/\/www.politicosdosuldabahia.com.br\/v1\/wp-json\/wp\/v2\/posts\/89706\/revisions\/89708"}],"wp:featuredmedia":[{"embeddable":true,"href":"https:\/\/www.politicosdosuldabahia.com.br\/v1\/wp-json\/wp\/v2\/media\/89707"}],"wp:attachment":[{"href":"https:\/\/www.politicosdosuldabahia.com.br\/v1\/wp-json\/wp\/v2\/media?parent=89706"}],"wp:term":[{"taxonomy":"category","embeddable":true,"href":"https:\/\/www.politicosdosuldabahia.com.br\/v1\/wp-json\/wp\/v2\/categories?post=89706"},{"taxonomy":"post_tag","embeddable":true,"href":"https:\/\/www.politicosdosuldabahia.com.br\/v1\/wp-json\/wp\/v2\/tags?post=89706"}],"curies":[{"name":"wp","href":"https:\/\/api.w.org\/{rel}","templated":true}]}}